{"id":2239,"date":"2021-02-07T10:09:33","date_gmt":"2021-02-07T09:09:33","guid":{"rendered":"https:\/\/riediger-legal.com\/?p=2239"},"modified":"2021-02-07T10:20:53","modified_gmt":"2021-02-07T09:20:53","slug":"je-testovaci-povinnost-pro-prekroceni-hranic-neplatna-advokatni-kancelar-zaluje-sasko","status":"publish","type":"post","link":"https:\/\/riediger-legal.com\/cs\/2021\/02\/07\/je-testovaci-povinnost-pro-prekroceni-hranic-neplatna-advokatni-kancelar-zaluje-sasko\/","title":{"rendered":"Je testovac\u00ed povinnost pro p\u0159ekro\u010den\u00ed hranic neplatn\u00e1? Advok\u00e1tn\u00ed kancel\u00e1\u0159 \u017ealuje Sasko"},"content":{"rendered":"<p>V\u00e1\u017een\u00e9 d\u00e1my a p\u00e1nov\u00e9,<\/p>\n<p>Od 18.01.2020 mus\u00ed zam\u011bstnanci z \u010ceska a Polska p\u0159i cest\u011b do Saska jednou t\u00fddn\u011b p\u0159edlo\u017eit negativn\u00ed test na koronavirus. Sask\u00e9 karant\u00e9nn\u00ed na\u0159\u00edzen\u00ed o ochran\u011b p\u0159ed koronavirem poru\u0161uje mimo jin\u00e9 pr\u00e1vn\u00ed p\u0159edpisy vy\u0161\u0161\u00ed pr\u00e1vn\u00ed s\u00edly a je z na\u0161eho pohledu neplatn\u00e9. Proto jsme se n\u00e1vrhem na vyd\u00e1n\u00ed p\u0159edb\u011b\u017en\u00e9ho opat\u0159en\u00ed rozhodli Sasko za\u017ealovat.<\/p>\n<p><strong>Jak\u00e9 argumenty hovo\u0159\u00ed proti testovac\u00ed povinnosti?<\/strong><\/p>\n<p>&nbsp;<\/p>\n<p>V Bavorsku u\u017e na podzim lo\u0148sk\u00e9ho roku potvrdil Spr\u00e1vn\u00ed dv\u016fr, \u017ee testovac\u00ed povinnost je nep\u0159im\u011b\u0159en\u00e1 a ne\u00fam\u011brn\u011b omezuje voln\u00fd pohyb pracovn\u00edch sil v r\u00e1mci EU. Dot\u00fdk\u00e1 se nav\u00edc i n\u011bmeck\u00fdch \u00fastavn\u00edch pr\u00e1v jako z\u00e1sady rovn\u00e9ho zach\u00e1zen\u00ed\u00a0 a pr\u00e1va na svobodnou volbu povol\u00e1n\u00ed.<\/p>\n<p>&nbsp;<\/p>\n<p><strong>Jak\u00e9 konkr\u00e9tn\u00ed probl\u00e9my testovac\u00ed povinnost p\u0159in\u00e1\u0161\u00ed?<\/strong><\/p>\n<p>&nbsp;<\/p>\n<ul>\n<li>Testovac\u00ed povinnost p\u0159edstavuje finan\u010dn\u00ed z\u00e1t\u011b\u017e pro n\u011bmeck\u00e9 zam\u011bstnavatele i zam\u011bstnance (nap\u0159\u00edklad nemocnice v Liberci: 2.010 K\u010d \/ 76,86 EUR za PCR-test), nav\u00edc zat\u00edm nen\u00ed zcela jasn\u00e9, kdo by m\u011bl tyto n\u00e1klady n\u00e9st. Tak\u00e9 psychick\u00e1 a \u010dasov\u00e1 n\u00e1ro\u010dnost znamen\u00e1 nerovn\u00e9 zach\u00e1zen\u00ed s pendlery ve srovn\u00e1n\u00ed s n\u011bmeck\u00fdmi zam\u011bstnanci.<\/li>\n<\/ul>\n<p>&nbsp;<\/p>\n<ul>\n<li>Testovac\u00ed kapacity jsou nav\u00edc na \u0159ad\u011b m\u00edst na hranici kapacity, na term\u00edn testu se \u010dasto \u010dek\u00e1 a\u017e t\u00fdden. T\u00fddenn\u00ed testovac\u00ed povinnost pro zhruba 20.000 zam\u011bstnanc\u016f, kte\u0159\u00ed v sou\u010dasn\u00e9 dob\u011b denn\u011b p\u0159ekra\u010duj\u00ed hranice do N\u011bmecka, znamen\u00e1 80.000 test\u016f m\u011bs\u00ed\u010dn\u011b nav\u00edc.<\/li>\n<\/ul>\n<p>&nbsp;<\/p>\n<ul>\n<li>D\u016fsledek: Pendle\u0159i, kte\u0159\u00ed v\u00a0N\u011bmecku pracuj\u00ed a tak\u00e9 zde odv\u00e1d\u011bj\u00ed dan\u011b, nyn\u00ed nesm\u00ed bez testu p\u0159icestovat a po tuto dobu mus\u00ed akceptovat v\u00fdpadky mzdy. Ale i pro Sasko a N\u011bmecko je povinnost testov\u00e1n\u00ed st\u0159elbou do vlastn\u00edch \u0159ad: podnik\u016fm nal\u00e9hav\u011b chyb\u00ed pot\u0159ebn\u00e9 kapacity, dodavatelsk\u00e9 \u0159et\u011bzce se p\u0159eru\u0161uj\u00ed a v d\u016fsledku toho chyb\u00ed i da\u0148ov\u00e9 p\u0159\u00edjmy pro boj s pandemi\u00ed.<\/li>\n<\/ul>\n<p>&nbsp;<\/p>\n<p><strong>Kdo \u017ealobu podal?<\/strong><\/p>\n<table style=\"width: 100%; border-collapse: collapse;\">\n<tbody>\n<tr>\n<td style=\"width: 28.67%;\"><!-- x-tinymce\/html --><!-- x-tinymce\/html --><a href=\"https:\/\/riediger-legal.com\/wp-content\/uploads\/2021\/02\/dri.jpg\"><img loading=\"lazy\" decoding=\"async\" class=\"size-thumbnail wp-image-2243 alignnone\" src=\"https:\/\/riediger-legal.com\/wp-content\/uploads\/2021\/02\/dri-150x150.jpg\" alt=\"\" width=\"150\" height=\"150\" srcset=\"https:\/\/riediger-legal.com\/wp-content\/uploads\/2021\/02\/dri-150x150.jpg 150w, https:\/\/riediger-legal.com\/wp-content\/uploads\/2021\/02\/dri-300x300.jpg 300w, https:\/\/riediger-legal.com\/wp-content\/uploads\/2021\/02\/dri.jpg 400w\" sizes=\"auto, (max-width: 150px) 100vw, 150px\" \/><\/a><\/td>\n<td style=\"width: 71.28%;\">Kancel\u00e1\u0159 RIEDIGER. legal | tax je se sv\u00fdmi pobo\u010dkami v Sasku, \u010cesku a Polsku jednou z\u00a0p\u0159edn\u00edch poradensk\u00fdch kancel\u00e1\u0159\u00ed pro mezin\u00e1rodn\u00ed obchodn\u00ed vztahy.V oblasti pr\u00e1vn\u00edho, da\u0148ov\u00e9ho a podnikov\u00e9ho poradenstv\u00ed, jako\u017e i odborn\u00fdch p\u0159eklad\u016f se zam\u011b\u0159uje na p\u0159eshrani\u010dn\u00ed p\u0159\u00edpady.<\/td>\n<\/tr>\n<\/tbody>\n<\/table>\n<p>&nbsp;<\/p>\n<p>K na\u0161im klient\u016fm pat\u0159\u00ed sask\u00e9 podniky s v\u00edce ne\u017e stovkou \u010desk\u00fdch, resp. polsk\u00fdch zam\u011bstnanc\u016f.<\/p>\n<p>Nov\u00e1 \u00faprava se dot\u00fdk\u00e1 i n\u00e1s samotn\u00fdch: i n\u011bkte\u0159\u00ed z\u00a0na\u0161ich spolupracovn\u00edk\u016f jsou pendle\u0159i.<\/p>\n<p>Spole\u010dn\u011b tak jedn\u00e1me v z\u00e1jmu zhruba 20.000 zam\u011bstnanc\u016f z na\u0161ich sousedn\u00edch zem\u00ed.<\/p>\n<p>V\u011b\u0159\u00edme v silnou a otev\u0159enou Evropu!<\/p>\n<p>&nbsp;<\/p>\n<p><strong>\u010ceho chceme doc\u00edlit?<\/strong><\/p>\n<p>&nbsp;<\/p>\n<p>N\u00e1\u0161 n\u00e1vrh c\u00edl\u00ed na pozastaven\u00ed testovac\u00ed povinnosti na n\u00e1klady zam\u011bstnance (a nep\u0159\u00edmo tak\u00e9 zam\u011bstnavatele).<\/p>\n<p>Navzdory pandemii si p\u0159ejeme demokratickou a svobodnou Evropu \u2013 a p\u0159im\u011b\u0159enou ochranu p\u0159ed koronavirem! Siln\u00fdmi str\u00e1nkami Evropy jsou svoboda a demokracie. I b\u011bhem takov\u00fdch z\u00e1va\u017en\u00fdch v\u00fdzev jako je Covid-19 bychom si m\u011bli b\u00fdt t\u011bchto siln\u00fdch str\u00e1nek v\u011bdomi a m\u011bli bychom velmi p\u0159esn\u011b v\u00e1\u017eit d\u016fsledky jednotliv\u00fdch ochrann\u00fdch opat\u0159en\u00ed.<\/p>\n<p>Na\u0161\u00edm n\u00e1vrhem chceme vyslat pozitivn\u00ed sign\u00e1l, \u017ee n\u00e1\u0161 syst\u00e9m funguje! Chceme uk\u00e1zat, \u017ee nen\u00ed d\u016fvod oddat se konspira\u010dn\u00edm teori\u00edm nebo projevovat roz\u010darov\u00e1n\u00ed z politiky. Covid-19 je v\u00fdzva pro celou spole\u010dnost. My v\u0161ichni mus\u00edme usilovat o nejlep\u0161\u00ed mo\u017en\u00e1 \u0159e\u0161en\u00ed: medic\u00ednsk\u00e1, politick\u00e1, ale tak\u00e9 pr\u00e1vn\u00ed! Pracujeme t\u00edm nikoli proti syst\u00e9mu, ale jsme sami \u010d\u00e1st\u00ed t\u00e9to spole\u010dnosti.\u00a0 Podporujeme zodpov\u011bdn\u00fd p\u0159\u00edstup a soun\u00e1le\u017eitost!<\/p>\n<p>V p\u0159\u00edpad\u011b dotaz\u016f, \u017e\u00e1dost\u00ed o rozhovor nebo dal\u0161\u00ed informace m\u011b, pros\u00edm, kdykoli kontaktujte.<\/p>\n<p>&nbsp;<\/p>\n<p>S p\u0159\u00e1telsk\u00fdmi pozdravy<\/p>\n<p>Denis Riediger<\/p>\n<p>Rechtsanwalt (attorney at law) \u2013 D\/CZ<\/p>\n<p>Fachanwalt f\u00fcr Internationales Wirtschaftsrecht, Handels- und Gesellschaftsrecht<\/p>\n<p>(certified specialist solicitor for international business law, commercial and corporate law)<\/p>\n<p>Zertifizierter Berater f\u00fcr Internationales Steuerrecht (DAA)<\/p>\n<p>(certified specialist advisor for international tax law)<\/p>\n","protected":false},"excerpt":{"rendered":"<p>V\u00e1\u017een\u00e9 d\u00e1my a p\u00e1nov\u00e9, Od 18.01.2020 mus\u00ed zam\u011bstnanci z \u010ceska a Polska p\u0159i cest\u011b do Saska jednou t\u00fddn\u011b p\u0159edlo\u017eit negativn\u00ed test na koronavirus. Sask\u00e9 karant\u00e9nn\u00ed na\u0159\u00edzen\u00ed o ochran\u011b p\u0159ed koronavirem poru\u0161uje mimo jin\u00e9 pr\u00e1vn\u00ed p\u0159edpisy vy\u0161\u0161\u00ed pr\u00e1vn\u00ed s\u00edly a je z na\u0161eho pohledu neplatn\u00e9. Proto jsme se n\u00e1vrhem na vyd\u00e1n\u00ed p\u0159edb\u011b\u017en\u00e9ho opat\u0159en\u00ed rozhodli Sasko za\u017ealovat. [&hellip;]<\/p>\n","protected":false},"author":3,"featured_media":0,"comment_status":"open","ping_status":"open","sticky":false,"template":"","format":"standard","meta":{"_acf_changed":false,"footnotes":""},"categories":[31,30,33,32],"tags":[],"class_list":["post-2239","post","type-post","status-publish","format-standard","hentry","category-cz","category-d","category-legal","category-pl"],"acf":[],"yoast_head":"<!-- This site is optimized with the Yoast SEO Premium plugin v27.3 (Yoast SEO v27.3) - https:\/\/yoast.com\/product\/yoast-seo-premium-wordpress\/ -->\n<title>Je testovac\u00ed povinnost pro p\u0159ekro\u010den\u00ed hranic neplatn\u00e1? Advok\u00e1tn\u00ed kancel\u00e1\u0159 \u017ealuje Sasko - RIEDIGER. legal | tax Rechtsanwaltsgesellschaft mbH<\/title>\n<meta name=\"robots\" content=\"index, follow, max-snippet:-1, max-image-preview:large, max-video-preview:-1\" \/>\n<meta property=\"og:locale\" content=\"cs_CZ\" \/>\n<meta property=\"og:type\" content=\"article\" \/>\n<meta property=\"og:title\" content=\"Je testovac\u00ed povinnost pro p\u0159ekro\u010den\u00ed hranic neplatn\u00e1? Advok\u00e1tn\u00ed kancel\u00e1\u0159 \u017ealuje Sasko\" \/>\n<meta property=\"og:description\" content=\"V\u00e1\u017een\u00e9 d\u00e1my a p\u00e1nov\u00e9, Od 18.01.2020 mus\u00ed zam\u011bstnanci z \u010ceska a Polska p\u0159i cest\u011b do Saska jednou t\u00fddn\u011b p\u0159edlo\u017eit negativn\u00ed test na koronavirus. Sask\u00e9 karant\u00e9nn\u00ed na\u0159\u00edzen\u00ed o ochran\u011b p\u0159ed koronavirem poru\u0161uje mimo jin\u00e9 pr\u00e1vn\u00ed p\u0159edpisy vy\u0161\u0161\u00ed pr\u00e1vn\u00ed s\u00edly a je z na\u0161eho pohledu neplatn\u00e9. Proto jsme se n\u00e1vrhem na vyd\u00e1n\u00ed p\u0159edb\u011b\u017en\u00e9ho opat\u0159en\u00ed rozhodli Sasko za\u017ealovat. [&hellip;]\" \/>\n<meta property=\"og:url\" content=\"https:\/\/riediger-legal.com\/cs\/2021\/02\/07\/je-testovaci-povinnost-pro-prekroceni-hranic-neplatna-advokatni-kancelar-zaluje-sasko\/\" \/>\n<meta property=\"og:site_name\" content=\"RIEDIGER. legal | tax Rechtsanwaltsgesellschaft mbH\" \/>\n<meta property=\"article:published_time\" content=\"2021-02-07T09:09:33+00:00\" \/>\n<meta property=\"article:modified_time\" content=\"2021-02-07T09:20:53+00:00\" \/>\n<meta property=\"og:image\" content=\"https:\/\/riediger-legal.com\/wp-content\/uploads\/2021\/02\/dri-150x150.jpg\" \/>\n<meta name=\"author\" content=\"Miriam Huhmann\" \/>\n<meta name=\"twitter:card\" content=\"summary_large_image\" \/>\n<meta name=\"twitter:label1\" content=\"Napsal(a)\" \/>\n\t<meta name=\"twitter:data1\" content=\"Miriam Huhmann\" \/>\n\t<meta name=\"twitter:label2\" content=\"Odhadovan\u00e1 doba \u010dten\u00ed\" \/>\n\t<meta name=\"twitter:data2\" content=\"4 minuty\" \/>\n<script type=\"application\/ld+json\" class=\"yoast-schema-graph\">{\"@context\":\"https:\\\/\\\/schema.org\",\"@graph\":[{\"@type\":\"Article\",\"@id\":\"https:\\\/\\\/riediger-legal.com\\\/cs\\\/2021\\\/02\\\/07\\\/je-testovaci-povinnost-pro-prekroceni-hranic-neplatna-advokatni-kancelar-zaluje-sasko\\\/#article\",\"isPartOf\":{\"@id\":\"https:\\\/\\\/riediger-legal.com\\\/cs\\\/2021\\\/02\\\/07\\\/je-testovaci-povinnost-pro-prekroceni-hranic-neplatna-advokatni-kancelar-zaluje-sasko\\\/\"},\"author\":{\"name\":\"Miriam Huhmann\",\"@id\":\"https:\\\/\\\/riediger-legal.com\\\/cs\\\/#\\\/schema\\\/person\\\/485ae3235dbce9b2691c61ab53ac05d8\"},\"headline\":\"Je testovac\u00ed povinnost pro p\u0159ekro\u010den\u00ed hranic neplatn\u00e1? Advok\u00e1tn\u00ed kancel\u00e1\u0159 \u017ealuje Sasko\",\"datePublished\":\"2021-02-07T09:09:33+00:00\",\"dateModified\":\"2021-02-07T09:20:53+00:00\",\"mainEntityOfPage\":{\"@id\":\"https:\\\/\\\/riediger-legal.com\\\/cs\\\/2021\\\/02\\\/07\\\/je-testovaci-povinnost-pro-prekroceni-hranic-neplatna-advokatni-kancelar-zaluje-sasko\\\/\"},\"wordCount\":737,\"commentCount\":0,\"publisher\":{\"@id\":\"https:\\\/\\\/riediger-legal.com\\\/cs\\\/#organization\"},\"image\":{\"@id\":\"https:\\\/\\\/riediger-legal.com\\\/cs\\\/2021\\\/02\\\/07\\\/je-testovaci-povinnost-pro-prekroceni-hranic-neplatna-advokatni-kancelar-zaluje-sasko\\\/#primaryimage\"},\"thumbnailUrl\":\"https:\\\/\\\/riediger-legal.com\\\/wp-content\\\/uploads\\\/2021\\\/02\\\/dri-150x150.jpg\",\"articleSection\":[\"CZ\",\"D\",\"legal\",\"PL\"],\"inLanguage\":\"cs\",\"potentialAction\":[{\"@type\":\"CommentAction\",\"name\":\"Comment\",\"target\":[\"https:\\\/\\\/riediger-legal.com\\\/cs\\\/2021\\\/02\\\/07\\\/je-testovaci-povinnost-pro-prekroceni-hranic-neplatna-advokatni-kancelar-zaluje-sasko\\\/#respond\"]}]},{\"@type\":\"WebPage\",\"@id\":\"https:\\\/\\\/riediger-legal.com\\\/cs\\\/2021\\\/02\\\/07\\\/je-testovaci-povinnost-pro-prekroceni-hranic-neplatna-advokatni-kancelar-zaluje-sasko\\\/\",\"url\":\"https:\\\/\\\/riediger-legal.com\\\/cs\\\/2021\\\/02\\\/07\\\/je-testovaci-povinnost-pro-prekroceni-hranic-neplatna-advokatni-kancelar-zaluje-sasko\\\/\",\"name\":\"Je testovac\u00ed povinnost pro p\u0159ekro\u010den\u00ed hranic neplatn\u00e1? Advok\u00e1tn\u00ed kancel\u00e1\u0159 \u017ealuje Sasko - RIEDIGER. legal | tax Rechtsanwaltsgesellschaft mbH\",\"isPartOf\":{\"@id\":\"https:\\\/\\\/riediger-legal.com\\\/cs\\\/#website\"},\"primaryImageOfPage\":{\"@id\":\"https:\\\/\\\/riediger-legal.com\\\/cs\\\/2021\\\/02\\\/07\\\/je-testovaci-povinnost-pro-prekroceni-hranic-neplatna-advokatni-kancelar-zaluje-sasko\\\/#primaryimage\"},\"image\":{\"@id\":\"https:\\\/\\\/riediger-legal.com\\\/cs\\\/2021\\\/02\\\/07\\\/je-testovaci-povinnost-pro-prekroceni-hranic-neplatna-advokatni-kancelar-zaluje-sasko\\\/#primaryimage\"},\"thumbnailUrl\":\"https:\\\/\\\/riediger-legal.com\\\/wp-content\\\/uploads\\\/2021\\\/02\\\/dri-150x150.jpg\",\"datePublished\":\"2021-02-07T09:09:33+00:00\",\"dateModified\":\"2021-02-07T09:20:53+00:00\",\"breadcrumb\":{\"@id\":\"https:\\\/\\\/riediger-legal.com\\\/cs\\\/2021\\\/02\\\/07\\\/je-testovaci-povinnost-pro-prekroceni-hranic-neplatna-advokatni-kancelar-zaluje-sasko\\\/#breadcrumb\"},\"inLanguage\":\"cs\",\"potentialAction\":[{\"@type\":\"ReadAction\",\"target\":[\"https:\\\/\\\/riediger-legal.com\\\/cs\\\/2021\\\/02\\\/07\\\/je-testovaci-povinnost-pro-prekroceni-hranic-neplatna-advokatni-kancelar-zaluje-sasko\\\/\"]}]},{\"@type\":\"ImageObject\",\"inLanguage\":\"cs\",\"@id\":\"https:\\\/\\\/riediger-legal.com\\\/cs\\\/2021\\\/02\\\/07\\\/je-testovaci-povinnost-pro-prekroceni-hranic-neplatna-advokatni-kancelar-zaluje-sasko\\\/#primaryimage\",\"url\":\"https:\\\/\\\/riediger-legal.com\\\/wp-content\\\/uploads\\\/2021\\\/02\\\/dri-150x150.jpg\",\"contentUrl\":\"https:\\\/\\\/riediger-legal.com\\\/wp-content\\\/uploads\\\/2021\\\/02\\\/dri-150x150.jpg\"},{\"@type\":\"BreadcrumbList\",\"@id\":\"https:\\\/\\\/riediger-legal.com\\\/cs\\\/2021\\\/02\\\/07\\\/je-testovaci-povinnost-pro-prekroceni-hranic-neplatna-advokatni-kancelar-zaluje-sasko\\\/#breadcrumb\",\"itemListElement\":[{\"@type\":\"ListItem\",\"position\":1,\"name\":\"Startseite\",\"item\":\"https:\\\/\\\/riediger-legal.com\\\/cs\\\/\"},{\"@type\":\"ListItem\",\"position\":2,\"name\":\"Je testovac\u00ed povinnost pro p\u0159ekro\u010den\u00ed hranic neplatn\u00e1? Advok\u00e1tn\u00ed kancel\u00e1\u0159 \u017ealuje Sasko\"}]},{\"@type\":\"WebSite\",\"@id\":\"https:\\\/\\\/riediger-legal.com\\\/cs\\\/#website\",\"url\":\"https:\\\/\\\/riediger-legal.com\\\/cs\\\/\",\"name\":\"RIEDIGER. legal | tax Rechtsanwaltsgesellschaft mbH\",\"description\":\"\",\"publisher\":{\"@id\":\"https:\\\/\\\/riediger-legal.com\\\/cs\\\/#organization\"},\"potentialAction\":[{\"@type\":\"SearchAction\",\"target\":{\"@type\":\"EntryPoint\",\"urlTemplate\":\"https:\\\/\\\/riediger-legal.com\\\/cs\\\/?s={search_term_string}\"},\"query-input\":{\"@type\":\"PropertyValueSpecification\",\"valueRequired\":true,\"valueName\":\"search_term_string\"}}],\"inLanguage\":\"cs\"},{\"@type\":\"Organization\",\"@id\":\"https:\\\/\\\/riediger-legal.com\\\/cs\\\/#organization\",\"name\":\"RIEDIGER. legal | tax Rechtsanwaltsgesellschaft mbH\",\"url\":\"https:\\\/\\\/riediger-legal.com\\\/cs\\\/\",\"logo\":{\"@type\":\"ImageObject\",\"inLanguage\":\"cs\",\"@id\":\"https:\\\/\\\/riediger-legal.com\\\/cs\\\/#\\\/schema\\\/logo\\\/image\\\/\",\"url\":\"https:\\\/\\\/riediger-legal.com\\\/wp-content\\\/uploads\\\/2024\\\/10\\\/Logo.png\",\"contentUrl\":\"https:\\\/\\\/riediger-legal.com\\\/wp-content\\\/uploads\\\/2024\\\/10\\\/Logo.png\",\"width\":592,\"height\":354,\"caption\":\"RIEDIGER. legal | tax Rechtsanwaltsgesellschaft mbH\"},\"image\":{\"@id\":\"https:\\\/\\\/riediger-legal.com\\\/cs\\\/#\\\/schema\\\/logo\\\/image\\\/\"},\"sameAs\":[\"https:\\\/\\\/www.linkedin.com\\\/analytics\\\/creator\\\/top-posts\\\/?metricType=IMPRESSIONS&resultType=DUMMY&timeRange=past_7_days&midToken=AQHCpc28UAVXmA&midSig=3_QkfydKYZ0Xo1&trk=eml-email_weekly_analytics_recap-email~weekly~analytics~recap-0-cta~top~performing~post&trkEmail=eml-email_weekly_analytics_recap-email~weekly~analytics~recap-0-cta~top~performing~post-null-au4m5u~lz8aaxki~jh-null-null&eid=au4m5u-lz8aaxki-jh&otpToken=MTQwMDFiZTIxNDJiY2NjY2IyMjQwNGVkNDQxY2U0Yjc4YWM2ZDY0MjlmYWY4ZjYxNmNjZTAzNjg0ODU4NWJmYmZmZDVkZjg5NmFiMGNhZmE2NGZjZDIxNTg5YTBmOTZhMWFiNTMwMWJlMDc2ODYxNTNmNTdiOCwxLDE\"]},{\"@type\":\"Person\",\"@id\":\"https:\\\/\\\/riediger-legal.com\\\/cs\\\/#\\\/schema\\\/person\\\/485ae3235dbce9b2691c61ab53ac05d8\",\"name\":\"Miriam Huhmann\",\"url\":\"https:\\\/\\\/riediger-legal.com\\\/cs\\\/author\\\/miriam-huhmann\\\/\"}]}<\/script>\n<!-- \/ Yoast SEO Premium plugin. -->","yoast_head_json":{"title":"Je testovac\u00ed povinnost pro p\u0159ekro\u010den\u00ed hranic neplatn\u00e1? Advok\u00e1tn\u00ed kancel\u00e1\u0159 \u017ealuje Sasko - RIEDIGER. legal | tax Rechtsanwaltsgesellschaft mbH","robots":{"index":"index","follow":"follow","max-snippet":"max-snippet:-1","max-image-preview":"max-image-preview:large","max-video-preview":"max-video-preview:-1"},"og_locale":"cs_CZ","og_type":"article","og_title":"Je testovac\u00ed povinnost pro p\u0159ekro\u010den\u00ed hranic neplatn\u00e1? Advok\u00e1tn\u00ed kancel\u00e1\u0159 \u017ealuje Sasko","og_description":"V\u00e1\u017een\u00e9 d\u00e1my a p\u00e1nov\u00e9, Od 18.01.2020 mus\u00ed zam\u011bstnanci z \u010ceska a Polska p\u0159i cest\u011b do Saska jednou t\u00fddn\u011b p\u0159edlo\u017eit negativn\u00ed test na koronavirus. Sask\u00e9 karant\u00e9nn\u00ed na\u0159\u00edzen\u00ed o ochran\u011b p\u0159ed koronavirem poru\u0161uje mimo jin\u00e9 pr\u00e1vn\u00ed p\u0159edpisy vy\u0161\u0161\u00ed pr\u00e1vn\u00ed s\u00edly a je z na\u0161eho pohledu neplatn\u00e9. Proto jsme se n\u00e1vrhem na vyd\u00e1n\u00ed p\u0159edb\u011b\u017en\u00e9ho opat\u0159en\u00ed rozhodli Sasko za\u017ealovat. [&hellip;]","og_url":"https:\/\/riediger-legal.com\/cs\/2021\/02\/07\/je-testovaci-povinnost-pro-prekroceni-hranic-neplatna-advokatni-kancelar-zaluje-sasko\/","og_site_name":"RIEDIGER. legal | tax Rechtsanwaltsgesellschaft mbH","article_published_time":"2021-02-07T09:09:33+00:00","article_modified_time":"2021-02-07T09:20:53+00:00","og_image":[{"url":"https:\/\/riediger-legal.com\/wp-content\/uploads\/2021\/02\/dri-150x150.jpg","type":"","width":"","height":""}],"author":"Miriam Huhmann","twitter_card":"summary_large_image","twitter_misc":{"Napsal(a)":"Miriam Huhmann","Odhadovan\u00e1 doba \u010dten\u00ed":"4 minuty"},"schema":{"@context":"https:\/\/schema.org","@graph":[{"@type":"Article","@id":"https:\/\/riediger-legal.com\/cs\/2021\/02\/07\/je-testovaci-povinnost-pro-prekroceni-hranic-neplatna-advokatni-kancelar-zaluje-sasko\/#article","isPartOf":{"@id":"https:\/\/riediger-legal.com\/cs\/2021\/02\/07\/je-testovaci-povinnost-pro-prekroceni-hranic-neplatna-advokatni-kancelar-zaluje-sasko\/"},"author":{"name":"Miriam Huhmann","@id":"https:\/\/riediger-legal.com\/cs\/#\/schema\/person\/485ae3235dbce9b2691c61ab53ac05d8"},"headline":"Je testovac\u00ed povinnost pro p\u0159ekro\u010den\u00ed hranic neplatn\u00e1? Advok\u00e1tn\u00ed kancel\u00e1\u0159 \u017ealuje Sasko","datePublished":"2021-02-07T09:09:33+00:00","dateModified":"2021-02-07T09:20:53+00:00","mainEntityOfPage":{"@id":"https:\/\/riediger-legal.com\/cs\/2021\/02\/07\/je-testovaci-povinnost-pro-prekroceni-hranic-neplatna-advokatni-kancelar-zaluje-sasko\/"},"wordCount":737,"commentCount":0,"publisher":{"@id":"https:\/\/riediger-legal.com\/cs\/#organization"},"image":{"@id":"https:\/\/riediger-legal.com\/cs\/2021\/02\/07\/je-testovaci-povinnost-pro-prekroceni-hranic-neplatna-advokatni-kancelar-zaluje-sasko\/#primaryimage"},"thumbnailUrl":"https:\/\/riediger-legal.com\/wp-content\/uploads\/2021\/02\/dri-150x150.jpg","articleSection":["CZ","D","legal","PL"],"inLanguage":"cs","potentialAction":[{"@type":"CommentAction","name":"Comment","target":["https:\/\/riediger-legal.com\/cs\/2021\/02\/07\/je-testovaci-povinnost-pro-prekroceni-hranic-neplatna-advokatni-kancelar-zaluje-sasko\/#respond"]}]},{"@type":"WebPage","@id":"https:\/\/riediger-legal.com\/cs\/2021\/02\/07\/je-testovaci-povinnost-pro-prekroceni-hranic-neplatna-advokatni-kancelar-zaluje-sasko\/","url":"https:\/\/riediger-legal.com\/cs\/2021\/02\/07\/je-testovaci-povinnost-pro-prekroceni-hranic-neplatna-advokatni-kancelar-zaluje-sasko\/","name":"Je testovac\u00ed povinnost pro p\u0159ekro\u010den\u00ed hranic neplatn\u00e1? Advok\u00e1tn\u00ed kancel\u00e1\u0159 \u017ealuje Sasko - RIEDIGER. legal | tax Rechtsanwaltsgesellschaft mbH","isPartOf":{"@id":"https:\/\/riediger-legal.com\/cs\/#website"},"primaryImageOfPage":{"@id":"https:\/\/riediger-legal.com\/cs\/2021\/02\/07\/je-testovaci-povinnost-pro-prekroceni-hranic-neplatna-advokatni-kancelar-zaluje-sasko\/#primaryimage"},"image":{"@id":"https:\/\/riediger-legal.com\/cs\/2021\/02\/07\/je-testovaci-povinnost-pro-prekroceni-hranic-neplatna-advokatni-kancelar-zaluje-sasko\/#primaryimage"},"thumbnailUrl":"https:\/\/riediger-legal.com\/wp-content\/uploads\/2021\/02\/dri-150x150.jpg","datePublished":"2021-02-07T09:09:33+00:00","dateModified":"2021-02-07T09:20:53+00:00","breadcrumb":{"@id":"https:\/\/riediger-legal.com\/cs\/2021\/02\/07\/je-testovaci-povinnost-pro-prekroceni-hranic-neplatna-advokatni-kancelar-zaluje-sasko\/#breadcrumb"},"inLanguage":"cs","potentialAction":[{"@type":"ReadAction","target":["https:\/\/riediger-legal.com\/cs\/2021\/02\/07\/je-testovaci-povinnost-pro-prekroceni-hranic-neplatna-advokatni-kancelar-zaluje-sasko\/"]}]},{"@type":"ImageObject","inLanguage":"cs","@id":"https:\/\/riediger-legal.com\/cs\/2021\/02\/07\/je-testovaci-povinnost-pro-prekroceni-hranic-neplatna-advokatni-kancelar-zaluje-sasko\/#primaryimage","url":"https:\/\/riediger-legal.com\/wp-content\/uploads\/2021\/02\/dri-150x150.jpg","contentUrl":"https:\/\/riediger-legal.com\/wp-content\/uploads\/2021\/02\/dri-150x150.jpg"},{"@type":"BreadcrumbList","@id":"https:\/\/riediger-legal.com\/cs\/2021\/02\/07\/je-testovaci-povinnost-pro-prekroceni-hranic-neplatna-advokatni-kancelar-zaluje-sasko\/#breadcrumb","itemListElement":[{"@type":"ListItem","position":1,"name":"Startseite","item":"https:\/\/riediger-legal.com\/cs\/"},{"@type":"ListItem","position":2,"name":"Je testovac\u00ed povinnost pro p\u0159ekro\u010den\u00ed hranic neplatn\u00e1? Advok\u00e1tn\u00ed kancel\u00e1\u0159 \u017ealuje Sasko"}]},{"@type":"WebSite","@id":"https:\/\/riediger-legal.com\/cs\/#website","url":"https:\/\/riediger-legal.com\/cs\/","name":"RIEDIGER. legal | tax Rechtsanwaltsgesellschaft mbH","description":"","publisher":{"@id":"https:\/\/riediger-legal.com\/cs\/#organization"},"potentialAction":[{"@type":"SearchAction","target":{"@type":"EntryPoint","urlTemplate":"https:\/\/riediger-legal.com\/cs\/?s={search_term_string}"},"query-input":{"@type":"PropertyValueSpecification","valueRequired":true,"valueName":"search_term_string"}}],"inLanguage":"cs"},{"@type":"Organization","@id":"https:\/\/riediger-legal.com\/cs\/#organization","name":"RIEDIGER. legal | tax Rechtsanwaltsgesellschaft mbH","url":"https:\/\/riediger-legal.com\/cs\/","logo":{"@type":"ImageObject","inLanguage":"cs","@id":"https:\/\/riediger-legal.com\/cs\/#\/schema\/logo\/image\/","url":"https:\/\/riediger-legal.com\/wp-content\/uploads\/2024\/10\/Logo.png","contentUrl":"https:\/\/riediger-legal.com\/wp-content\/uploads\/2024\/10\/Logo.png","width":592,"height":354,"caption":"RIEDIGER. legal | tax Rechtsanwaltsgesellschaft mbH"},"image":{"@id":"https:\/\/riediger-legal.com\/cs\/#\/schema\/logo\/image\/"},"sameAs":["https:\/\/www.linkedin.com\/analytics\/creator\/top-posts\/?metricType=IMPRESSIONS&resultType=DUMMY&timeRange=past_7_days&midToken=AQHCpc28UAVXmA&midSig=3_QkfydKYZ0Xo1&trk=eml-email_weekly_analytics_recap-email~weekly~analytics~recap-0-cta~top~performing~post&trkEmail=eml-email_weekly_analytics_recap-email~weekly~analytics~recap-0-cta~top~performing~post-null-au4m5u~lz8aaxki~jh-null-null&eid=au4m5u-lz8aaxki-jh&otpToken=MTQwMDFiZTIxNDJiY2NjY2IyMjQwNGVkNDQxY2U0Yjc4YWM2ZDY0MjlmYWY4ZjYxNmNjZTAzNjg0ODU4NWJmYmZmZDVkZjg5NmFiMGNhZmE2NGZjZDIxNTg5YTBmOTZhMWFiNTMwMWJlMDc2ODYxNTNmNTdiOCwxLDE"]},{"@type":"Person","@id":"https:\/\/riediger-legal.com\/cs\/#\/schema\/person\/485ae3235dbce9b2691c61ab53ac05d8","name":"Miriam Huhmann","url":"https:\/\/riediger-legal.com\/cs\/author\/miriam-huhmann\/"}]}},"_links":{"self":[{"href":"https:\/\/riediger-legal.com\/cs\/wp-json\/wp\/v2\/posts\/2239","targetHints":{"allow":["GET"]}}],"collection":[{"href":"https:\/\/riediger-legal.com\/cs\/wp-json\/wp\/v2\/posts"}],"about":[{"href":"https:\/\/riediger-legal.com\/cs\/wp-json\/wp\/v2\/types\/post"}],"author":[{"embeddable":true,"href":"https:\/\/riediger-legal.com\/cs\/wp-json\/wp\/v2\/users\/3"}],"replies":[{"embeddable":true,"href":"https:\/\/riediger-legal.com\/cs\/wp-json\/wp\/v2\/comments?post=2239"}],"version-history":[{"count":5,"href":"https:\/\/riediger-legal.com\/cs\/wp-json\/wp\/v2\/posts\/2239\/revisions"}],"predecessor-version":[{"id":2248,"href":"https:\/\/riediger-legal.com\/cs\/wp-json\/wp\/v2\/posts\/2239\/revisions\/2248"}],"wp:attachment":[{"href":"https:\/\/riediger-legal.com\/cs\/wp-json\/wp\/v2\/media?parent=2239"}],"wp:term":[{"taxonomy":"category","embeddable":true,"href":"https:\/\/riediger-legal.com\/cs\/wp-json\/wp\/v2\/categories?post=2239"},{"taxonomy":"post_tag","embeddable":true,"href":"https:\/\/riediger-legal.com\/cs\/wp-json\/wp\/v2\/tags?post=2239"}],"curies":[{"name":"wp","href":"https:\/\/api.w.org\/{rel}","templated":true}]}}