{"id":3991,"date":"2023-05-12T11:43:36","date_gmt":"2023-05-12T09:43:36","guid":{"rendered":"https:\/\/riediger-legal.com\/2023\/05\/12\/karina-pielka-aktiv-im-compliance\/"},"modified":"2023-05-12T11:46:37","modified_gmt":"2023-05-12T09:46:37","slug":"karina-pielka-aktiv-im-compliance","status":"publish","type":"post","link":"https:\/\/riediger-legal.com\/cs\/2023\/05\/12\/karina-pielka-aktiv-im-compliance\/","title":{"rendered":"Karina Pielka: aktivn\u00ed v oblasti dodr\u017eov\u00e1n\u00ed p\u0159edpis\u016f"},"content":{"rendered":"<p>Compliance, v n\u011bm\u010din\u011b shoda nebo dodr\u017eov\u00e1n\u00ed pravidel, m\u00e1 dnes pro spole\u010dnosti velk\u00fd v\u00fdznam. Odkazuje na dodr\u017eov\u00e1n\u00ed pr\u00e1vn\u00edch p\u0159edpis\u016f, intern\u00edch podnikov\u00fdch sm\u011brnic a extern\u00edch norem, jako jsou pr\u016fmyslov\u00e9 normy nebo p\u0159edpisy o ochran\u011b \u00fadaj\u016f.<\/p>\n<p>V\u00fdznam compliance spo\u010d\u00edv\u00e1 p\u0159edev\u0161\u00edm v tom, \u017ee chr\u00e1n\u00ed spole\u010dnosti p\u0159ed pr\u00e1vn\u00edmi a finan\u010dn\u00edmi riziky. Dodr\u017eov\u00e1n\u00edm z\u00e1kon\u016f a pravidel se spole\u010dnosti mohou vyhnout pr\u00e1vn\u00edm d\u016fsledk\u016fm, jako jsou pokuty nebo n\u00e1roky na n\u00e1hradu \u0161kody, nebo je sn\u00ed\u017eit. V p\u0159\u00edpad\u011b poru\u0161en\u00ed mohou vzniknout vysok\u00e9 n\u00e1klady na pr\u00e1vn\u00ed spory a po\u0161kozen\u00ed dobr\u00e9ho jm\u00e9na, co\u017e m\u016f\u017ee ohrozit existenci spole\u010dnosti.<\/p>\n<p>Dal\u0161\u00edm d\u016fle\u017eit\u00fdm aspektem dodr\u017eov\u00e1n\u00ed p\u0159edpis\u016f je zlep\u0161en\u00ed spr\u00e1vy a \u0159\u00edzen\u00ed spole\u010dnosti. Zaveden\u00edm opat\u0159en\u00ed compliance mohou spole\u010dnosti pracovat efektivn\u011bji a zlep\u0161it \u0159\u00edzen\u00ed rizik. Mohou tak\u00e9 z\u00edskat d\u016fv\u011bru sv\u00fdch z\u00e1kazn\u00edk\u016f, investor\u016f a ve\u0159ejnosti t\u00edm, \u017ee prok\u00e1\u017e\u00ed, \u017ee dodr\u017euj\u00ed etick\u00e9 normy a jednaj\u00ed odpov\u011bdn\u011b.<\/p>\n<p>Dodr\u017eov\u00e1n\u00ed p\u0159edpis\u016f tak\u00e9 podporuje kulturu integrity a respektu ve spole\u010dnosti. Poskytnut\u00edm jasn\u00fdch pravidel a pokyn\u016f sv\u00fdm zam\u011bstnanc\u016fm mohou spole\u010dnosti zajistit, \u017ee budou jednat odpov\u011bdn\u011b a dodr\u017eovat standardy<\/p>\n<p><strong>Jsme proto velmi pot\u011b\u0161eni, \u017ee se na\u0161\u00ed polsk\u00e9 pr\u00e1vni\u010dce Karin\u011b Pielce poda\u0159ilo z\u00edskat n\u00e1sleduj\u00edc\u00ed kvalifikaci:<\/strong><\/p>\n<p>Certifik\u00e1t Compliance &#8211; 1. \u00farove\u0148: Approved Compliance Officer (ACO).<br \/>\nCertifik\u00e1t Compliance &#8211; 2. \u00farove\u0148: Approved Compliance Expert (ACE).<br \/>\nCertifik\u00e1t shody s p\u0159edpisy: Schv\u00e1len\u00fd pracovn\u00edk pro whistleblowing (AWBO).<\/p>\n","protected":false},"excerpt":{"rendered":"<p>Compliance, v n\u011bm\u010din\u011b shoda nebo dodr\u017eov\u00e1n\u00ed pravidel, m\u00e1 dnes pro spole\u010dnosti velk\u00fd v\u00fdznam. Odkazuje na dodr\u017eov\u00e1n\u00ed pr\u00e1vn\u00edch p\u0159edpis\u016f, intern\u00edch podnikov\u00fdch sm\u011brnic a extern\u00edch norem, jako jsou pr\u016fmyslov\u00e9 normy nebo p\u0159edpisy o ochran\u011b \u00fadaj\u016f. V\u00fdznam compliance spo\u010d\u00edv\u00e1 p\u0159edev\u0161\u00edm v tom, \u017ee chr\u00e1n\u00ed spole\u010dnosti p\u0159ed pr\u00e1vn\u00edmi a finan\u010dn\u00edmi riziky. Dodr\u017eov\u00e1n\u00edm z\u00e1kon\u016f a pravidel se spole\u010dnosti mohou vyhnout [&hellip;]<\/p>\n","protected":false},"author":3,"featured_media":0,"comment_status":"open","ping_status":"open","sticky":false,"template":"","format":"standard","meta":{"_acf_changed":false,"footnotes":""},"categories":[31,30,33,32],"tags":[],"class_list":["post-3991","post","type-post","status-publish","format-standard","hentry","category-cz","category-d","category-legal","category-pl"],"acf":[],"yoast_head":"<!-- This site is optimized with the Yoast SEO Premium plugin v27.3 (Yoast SEO v27.3) - https:\/\/yoast.com\/product\/yoast-seo-premium-wordpress\/ -->\n<title>Karina Pielka: aktivn\u00ed v oblasti dodr\u017eov\u00e1n\u00ed p\u0159edpis\u016f - RIEDIGER. legal | tax Rechtsanwaltsgesellschaft mbH<\/title>\n<meta name=\"robots\" content=\"index, follow, max-snippet:-1, max-image-preview:large, max-video-preview:-1\" \/>\n<meta property=\"og:locale\" content=\"cs_CZ\" \/>\n<meta property=\"og:type\" content=\"article\" \/>\n<meta property=\"og:title\" content=\"Karina Pielka: aktivn\u00ed v oblasti dodr\u017eov\u00e1n\u00ed p\u0159edpis\u016f\" \/>\n<meta property=\"og:description\" content=\"Compliance, v n\u011bm\u010din\u011b shoda nebo dodr\u017eov\u00e1n\u00ed pravidel, m\u00e1 dnes pro spole\u010dnosti velk\u00fd v\u00fdznam. Odkazuje na dodr\u017eov\u00e1n\u00ed pr\u00e1vn\u00edch p\u0159edpis\u016f, intern\u00edch podnikov\u00fdch sm\u011brnic a extern\u00edch norem, jako jsou pr\u016fmyslov\u00e9 normy nebo p\u0159edpisy o ochran\u011b \u00fadaj\u016f. V\u00fdznam compliance spo\u010d\u00edv\u00e1 p\u0159edev\u0161\u00edm v tom, \u017ee chr\u00e1n\u00ed spole\u010dnosti p\u0159ed pr\u00e1vn\u00edmi a finan\u010dn\u00edmi riziky. Dodr\u017eov\u00e1n\u00edm z\u00e1kon\u016f a pravidel se spole\u010dnosti mohou vyhnout [&hellip;]\" \/>\n<meta property=\"og:url\" content=\"https:\/\/riediger-legal.com\/cs\/2023\/05\/12\/karina-pielka-aktiv-im-compliance\/\" \/>\n<meta property=\"og:site_name\" content=\"RIEDIGER. legal | tax Rechtsanwaltsgesellschaft mbH\" \/>\n<meta property=\"article:published_time\" content=\"2023-05-12T09:43:36+00:00\" \/>\n<meta property=\"article:modified_time\" content=\"2023-05-12T09:46:37+00:00\" \/>\n<meta name=\"author\" content=\"Miriam Huhmann\" \/>\n<meta name=\"twitter:card\" content=\"summary_large_image\" \/>\n<meta name=\"twitter:label1\" content=\"Napsal(a)\" \/>\n\t<meta name=\"twitter:data1\" content=\"Miriam Huhmann\" \/>\n\t<meta name=\"twitter:label2\" content=\"Odhadovan\u00e1 doba \u010dten\u00ed\" \/>\n\t<meta name=\"twitter:data2\" content=\"1 minuta\" \/>\n<script type=\"application\/ld+json\" class=\"yoast-schema-graph\">{\"@context\":\"https:\\\/\\\/schema.org\",\"@graph\":[{\"@type\":\"Article\",\"@id\":\"https:\\\/\\\/riediger-legal.com\\\/cs\\\/2023\\\/05\\\/12\\\/karina-pielka-aktiv-im-compliance\\\/#article\",\"isPartOf\":{\"@id\":\"https:\\\/\\\/riediger-legal.com\\\/cs\\\/2023\\\/05\\\/12\\\/karina-pielka-aktiv-im-compliance\\\/\"},\"author\":{\"name\":\"Miriam Huhmann\",\"@id\":\"https:\\\/\\\/riediger-legal.com\\\/cs\\\/#\\\/schema\\\/person\\\/485ae3235dbce9b2691c61ab53ac05d8\"},\"headline\":\"Karina Pielka: aktivn\u00ed v oblasti dodr\u017eov\u00e1n\u00ed p\u0159edpis\u016f\",\"datePublished\":\"2023-05-12T09:43:36+00:00\",\"dateModified\":\"2023-05-12T09:46:37+00:00\",\"mainEntityOfPage\":{\"@id\":\"https:\\\/\\\/riediger-legal.com\\\/cs\\\/2023\\\/05\\\/12\\\/karina-pielka-aktiv-im-compliance\\\/\"},\"wordCount\":304,\"commentCount\":0,\"publisher\":{\"@id\":\"https:\\\/\\\/riediger-legal.com\\\/cs\\\/#organization\"},\"articleSection\":[\"CZ\",\"D\",\"legal\",\"PL\"],\"inLanguage\":\"cs\",\"potentialAction\":[{\"@type\":\"CommentAction\",\"name\":\"Comment\",\"target\":[\"https:\\\/\\\/riediger-legal.com\\\/cs\\\/2023\\\/05\\\/12\\\/karina-pielka-aktiv-im-compliance\\\/#respond\"]}]},{\"@type\":\"WebPage\",\"@id\":\"https:\\\/\\\/riediger-legal.com\\\/cs\\\/2023\\\/05\\\/12\\\/karina-pielka-aktiv-im-compliance\\\/\",\"url\":\"https:\\\/\\\/riediger-legal.com\\\/cs\\\/2023\\\/05\\\/12\\\/karina-pielka-aktiv-im-compliance\\\/\",\"name\":\"Karina Pielka: aktivn\u00ed v oblasti dodr\u017eov\u00e1n\u00ed p\u0159edpis\u016f - RIEDIGER. legal | tax Rechtsanwaltsgesellschaft mbH\",\"isPartOf\":{\"@id\":\"https:\\\/\\\/riediger-legal.com\\\/cs\\\/#website\"},\"datePublished\":\"2023-05-12T09:43:36+00:00\",\"dateModified\":\"2023-05-12T09:46:37+00:00\",\"breadcrumb\":{\"@id\":\"https:\\\/\\\/riediger-legal.com\\\/cs\\\/2023\\\/05\\\/12\\\/karina-pielka-aktiv-im-compliance\\\/#breadcrumb\"},\"inLanguage\":\"cs\",\"potentialAction\":[{\"@type\":\"ReadAction\",\"target\":[\"https:\\\/\\\/riediger-legal.com\\\/cs\\\/2023\\\/05\\\/12\\\/karina-pielka-aktiv-im-compliance\\\/\"]}]},{\"@type\":\"BreadcrumbList\",\"@id\":\"https:\\\/\\\/riediger-legal.com\\\/cs\\\/2023\\\/05\\\/12\\\/karina-pielka-aktiv-im-compliance\\\/#breadcrumb\",\"itemListElement\":[{\"@type\":\"ListItem\",\"position\":1,\"name\":\"Startseite\",\"item\":\"https:\\\/\\\/riediger-legal.com\\\/cs\\\/\"},{\"@type\":\"ListItem\",\"position\":2,\"name\":\"Karina Pielka: aktivn\u00ed v oblasti dodr\u017eov\u00e1n\u00ed p\u0159edpis\u016f\"}]},{\"@type\":\"WebSite\",\"@id\":\"https:\\\/\\\/riediger-legal.com\\\/cs\\\/#website\",\"url\":\"https:\\\/\\\/riediger-legal.com\\\/cs\\\/\",\"name\":\"RIEDIGER. legal | tax Rechtsanwaltsgesellschaft mbH\",\"description\":\"\",\"publisher\":{\"@id\":\"https:\\\/\\\/riediger-legal.com\\\/cs\\\/#organization\"},\"potentialAction\":[{\"@type\":\"SearchAction\",\"target\":{\"@type\":\"EntryPoint\",\"urlTemplate\":\"https:\\\/\\\/riediger-legal.com\\\/cs\\\/?s={search_term_string}\"},\"query-input\":{\"@type\":\"PropertyValueSpecification\",\"valueRequired\":true,\"valueName\":\"search_term_string\"}}],\"inLanguage\":\"cs\"},{\"@type\":\"Organization\",\"@id\":\"https:\\\/\\\/riediger-legal.com\\\/cs\\\/#organization\",\"name\":\"RIEDIGER. legal | tax Rechtsanwaltsgesellschaft mbH\",\"url\":\"https:\\\/\\\/riediger-legal.com\\\/cs\\\/\",\"logo\":{\"@type\":\"ImageObject\",\"inLanguage\":\"cs\",\"@id\":\"https:\\\/\\\/riediger-legal.com\\\/cs\\\/#\\\/schema\\\/logo\\\/image\\\/\",\"url\":\"https:\\\/\\\/riediger-legal.com\\\/wp-content\\\/uploads\\\/2024\\\/10\\\/Logo.png\",\"contentUrl\":\"https:\\\/\\\/riediger-legal.com\\\/wp-content\\\/uploads\\\/2024\\\/10\\\/Logo.png\",\"width\":592,\"height\":354,\"caption\":\"RIEDIGER. legal | tax Rechtsanwaltsgesellschaft mbH\"},\"image\":{\"@id\":\"https:\\\/\\\/riediger-legal.com\\\/cs\\\/#\\\/schema\\\/logo\\\/image\\\/\"},\"sameAs\":[\"https:\\\/\\\/www.linkedin.com\\\/analytics\\\/creator\\\/top-posts\\\/?metricType=IMPRESSIONS&resultType=DUMMY&timeRange=past_7_days&midToken=AQHCpc28UAVXmA&midSig=3_QkfydKYZ0Xo1&trk=eml-email_weekly_analytics_recap-email~weekly~analytics~recap-0-cta~top~performing~post&trkEmail=eml-email_weekly_analytics_recap-email~weekly~analytics~recap-0-cta~top~performing~post-null-au4m5u~lz8aaxki~jh-null-null&eid=au4m5u-lz8aaxki-jh&otpToken=MTQwMDFiZTIxNDJiY2NjY2IyMjQwNGVkNDQxY2U0Yjc4YWM2ZDY0MjlmYWY4ZjYxNmNjZTAzNjg0ODU4NWJmYmZmZDVkZjg5NmFiMGNhZmE2NGZjZDIxNTg5YTBmOTZhMWFiNTMwMWJlMDc2ODYxNTNmNTdiOCwxLDE\"]},{\"@type\":\"Person\",\"@id\":\"https:\\\/\\\/riediger-legal.com\\\/cs\\\/#\\\/schema\\\/person\\\/485ae3235dbce9b2691c61ab53ac05d8\",\"name\":\"Miriam Huhmann\",\"url\":\"https:\\\/\\\/riediger-legal.com\\\/cs\\\/author\\\/miriam-huhmann\\\/\"}]}<\/script>\n<!-- \/ Yoast SEO Premium plugin. -->","yoast_head_json":{"title":"Karina Pielka: aktivn\u00ed v oblasti dodr\u017eov\u00e1n\u00ed p\u0159edpis\u016f - RIEDIGER. legal | tax Rechtsanwaltsgesellschaft mbH","robots":{"index":"index","follow":"follow","max-snippet":"max-snippet:-1","max-image-preview":"max-image-preview:large","max-video-preview":"max-video-preview:-1"},"og_locale":"cs_CZ","og_type":"article","og_title":"Karina Pielka: aktivn\u00ed v oblasti dodr\u017eov\u00e1n\u00ed p\u0159edpis\u016f","og_description":"Compliance, v n\u011bm\u010din\u011b shoda nebo dodr\u017eov\u00e1n\u00ed pravidel, m\u00e1 dnes pro spole\u010dnosti velk\u00fd v\u00fdznam. Odkazuje na dodr\u017eov\u00e1n\u00ed pr\u00e1vn\u00edch p\u0159edpis\u016f, intern\u00edch podnikov\u00fdch sm\u011brnic a extern\u00edch norem, jako jsou pr\u016fmyslov\u00e9 normy nebo p\u0159edpisy o ochran\u011b \u00fadaj\u016f. V\u00fdznam compliance spo\u010d\u00edv\u00e1 p\u0159edev\u0161\u00edm v tom, \u017ee chr\u00e1n\u00ed spole\u010dnosti p\u0159ed pr\u00e1vn\u00edmi a finan\u010dn\u00edmi riziky. Dodr\u017eov\u00e1n\u00edm z\u00e1kon\u016f a pravidel se spole\u010dnosti mohou vyhnout [&hellip;]","og_url":"https:\/\/riediger-legal.com\/cs\/2023\/05\/12\/karina-pielka-aktiv-im-compliance\/","og_site_name":"RIEDIGER. legal | tax Rechtsanwaltsgesellschaft mbH","article_published_time":"2023-05-12T09:43:36+00:00","article_modified_time":"2023-05-12T09:46:37+00:00","author":"Miriam Huhmann","twitter_card":"summary_large_image","twitter_misc":{"Napsal(a)":"Miriam Huhmann","Odhadovan\u00e1 doba \u010dten\u00ed":"1 minuta"},"schema":{"@context":"https:\/\/schema.org","@graph":[{"@type":"Article","@id":"https:\/\/riediger-legal.com\/cs\/2023\/05\/12\/karina-pielka-aktiv-im-compliance\/#article","isPartOf":{"@id":"https:\/\/riediger-legal.com\/cs\/2023\/05\/12\/karina-pielka-aktiv-im-compliance\/"},"author":{"name":"Miriam Huhmann","@id":"https:\/\/riediger-legal.com\/cs\/#\/schema\/person\/485ae3235dbce9b2691c61ab53ac05d8"},"headline":"Karina Pielka: aktivn\u00ed v oblasti dodr\u017eov\u00e1n\u00ed p\u0159edpis\u016f","datePublished":"2023-05-12T09:43:36+00:00","dateModified":"2023-05-12T09:46:37+00:00","mainEntityOfPage":{"@id":"https:\/\/riediger-legal.com\/cs\/2023\/05\/12\/karina-pielka-aktiv-im-compliance\/"},"wordCount":304,"commentCount":0,"publisher":{"@id":"https:\/\/riediger-legal.com\/cs\/#organization"},"articleSection":["CZ","D","legal","PL"],"inLanguage":"cs","potentialAction":[{"@type":"CommentAction","name":"Comment","target":["https:\/\/riediger-legal.com\/cs\/2023\/05\/12\/karina-pielka-aktiv-im-compliance\/#respond"]}]},{"@type":"WebPage","@id":"https:\/\/riediger-legal.com\/cs\/2023\/05\/12\/karina-pielka-aktiv-im-compliance\/","url":"https:\/\/riediger-legal.com\/cs\/2023\/05\/12\/karina-pielka-aktiv-im-compliance\/","name":"Karina Pielka: aktivn\u00ed v oblasti dodr\u017eov\u00e1n\u00ed p\u0159edpis\u016f - RIEDIGER. legal | tax Rechtsanwaltsgesellschaft mbH","isPartOf":{"@id":"https:\/\/riediger-legal.com\/cs\/#website"},"datePublished":"2023-05-12T09:43:36+00:00","dateModified":"2023-05-12T09:46:37+00:00","breadcrumb":{"@id":"https:\/\/riediger-legal.com\/cs\/2023\/05\/12\/karina-pielka-aktiv-im-compliance\/#breadcrumb"},"inLanguage":"cs","potentialAction":[{"@type":"ReadAction","target":["https:\/\/riediger-legal.com\/cs\/2023\/05\/12\/karina-pielka-aktiv-im-compliance\/"]}]},{"@type":"BreadcrumbList","@id":"https:\/\/riediger-legal.com\/cs\/2023\/05\/12\/karina-pielka-aktiv-im-compliance\/#breadcrumb","itemListElement":[{"@type":"ListItem","position":1,"name":"Startseite","item":"https:\/\/riediger-legal.com\/cs\/"},{"@type":"ListItem","position":2,"name":"Karina Pielka: aktivn\u00ed v oblasti dodr\u017eov\u00e1n\u00ed p\u0159edpis\u016f"}]},{"@type":"WebSite","@id":"https:\/\/riediger-legal.com\/cs\/#website","url":"https:\/\/riediger-legal.com\/cs\/","name":"RIEDIGER. legal | tax Rechtsanwaltsgesellschaft mbH","description":"","publisher":{"@id":"https:\/\/riediger-legal.com\/cs\/#organization"},"potentialAction":[{"@type":"SearchAction","target":{"@type":"EntryPoint","urlTemplate":"https:\/\/riediger-legal.com\/cs\/?s={search_term_string}"},"query-input":{"@type":"PropertyValueSpecification","valueRequired":true,"valueName":"search_term_string"}}],"inLanguage":"cs"},{"@type":"Organization","@id":"https:\/\/riediger-legal.com\/cs\/#organization","name":"RIEDIGER. legal | tax Rechtsanwaltsgesellschaft mbH","url":"https:\/\/riediger-legal.com\/cs\/","logo":{"@type":"ImageObject","inLanguage":"cs","@id":"https:\/\/riediger-legal.com\/cs\/#\/schema\/logo\/image\/","url":"https:\/\/riediger-legal.com\/wp-content\/uploads\/2024\/10\/Logo.png","contentUrl":"https:\/\/riediger-legal.com\/wp-content\/uploads\/2024\/10\/Logo.png","width":592,"height":354,"caption":"RIEDIGER. legal | tax Rechtsanwaltsgesellschaft mbH"},"image":{"@id":"https:\/\/riediger-legal.com\/cs\/#\/schema\/logo\/image\/"},"sameAs":["https:\/\/www.linkedin.com\/analytics\/creator\/top-posts\/?metricType=IMPRESSIONS&resultType=DUMMY&timeRange=past_7_days&midToken=AQHCpc28UAVXmA&midSig=3_QkfydKYZ0Xo1&trk=eml-email_weekly_analytics_recap-email~weekly~analytics~recap-0-cta~top~performing~post&trkEmail=eml-email_weekly_analytics_recap-email~weekly~analytics~recap-0-cta~top~performing~post-null-au4m5u~lz8aaxki~jh-null-null&eid=au4m5u-lz8aaxki-jh&otpToken=MTQwMDFiZTIxNDJiY2NjY2IyMjQwNGVkNDQxY2U0Yjc4YWM2ZDY0MjlmYWY4ZjYxNmNjZTAzNjg0ODU4NWJmYmZmZDVkZjg5NmFiMGNhZmE2NGZjZDIxNTg5YTBmOTZhMWFiNTMwMWJlMDc2ODYxNTNmNTdiOCwxLDE"]},{"@type":"Person","@id":"https:\/\/riediger-legal.com\/cs\/#\/schema\/person\/485ae3235dbce9b2691c61ab53ac05d8","name":"Miriam Huhmann","url":"https:\/\/riediger-legal.com\/cs\/author\/miriam-huhmann\/"}]}},"_links":{"self":[{"href":"https:\/\/riediger-legal.com\/cs\/wp-json\/wp\/v2\/posts\/3991","targetHints":{"allow":["GET"]}}],"collection":[{"href":"https:\/\/riediger-legal.com\/cs\/wp-json\/wp\/v2\/posts"}],"about":[{"href":"https:\/\/riediger-legal.com\/cs\/wp-json\/wp\/v2\/types\/post"}],"author":[{"embeddable":true,"href":"https:\/\/riediger-legal.com\/cs\/wp-json\/wp\/v2\/users\/3"}],"replies":[{"embeddable":true,"href":"https:\/\/riediger-legal.com\/cs\/wp-json\/wp\/v2\/comments?post=3991"}],"version-history":[{"count":1,"href":"https:\/\/riediger-legal.com\/cs\/wp-json\/wp\/v2\/posts\/3991\/revisions"}],"predecessor-version":[{"id":3994,"href":"https:\/\/riediger-legal.com\/cs\/wp-json\/wp\/v2\/posts\/3991\/revisions\/3994"}],"wp:attachment":[{"href":"https:\/\/riediger-legal.com\/cs\/wp-json\/wp\/v2\/media?parent=3991"}],"wp:term":[{"taxonomy":"category","embeddable":true,"href":"https:\/\/riediger-legal.com\/cs\/wp-json\/wp\/v2\/categories?post=3991"},{"taxonomy":"post_tag","embeddable":true,"href":"https:\/\/riediger-legal.com\/cs\/wp-json\/wp\/v2\/tags?post=3991"}],"curies":[{"name":"wp","href":"https:\/\/api.w.org\/{rel}","templated":true}]}}