{"id":4676,"date":"2023-12-29T14:41:22","date_gmt":"2023-12-29T13:41:22","guid":{"rendered":"https:\/\/riediger-legal.com\/2023\/12\/29\/riediger-pravni-dan-skvele-misto-pro-praci-v-ceske-republice-a-nemecku\/"},"modified":"2025-04-03T13:12:52","modified_gmt":"2025-04-03T11:12:52","slug":"riediger-pravni-dan-skvele-misto-pro-praci-v-ceske-republice-a-nemecku","status":"publish","type":"post","link":"https:\/\/riediger-legal.com\/cs\/2023\/12\/29\/riediger-pravni-dan-skvele-misto-pro-praci-v-ceske-republice-a-nemecku\/","title":{"rendered":"RIEDIGER. pr\u00e1vn\u00ed | da\u0148: &#8222;Skv\u011bl\u00e9 m\u00edsto pro pr\u00e1ci&#8220; v \u010cesk\u00e9 republice a N\u011bmecku"},"content":{"rendered":"<p>V\u00e1\u017een\u00ed \u010dten\u00e1\u0159i,<\/p>\n<p>&nbsp;<\/p>\n<table style=\"border-collapse: collapse; width: 100%;\">\n<tbody>\n<tr>\n<td style=\"width: 50%;\"><img loading=\"lazy\" decoding=\"async\" class=\"alignleft wp-image-5414 size-medium\" src=\"https:\/\/riediger-legal.com\/wp-content\/uploads\/2025\/04\/RIEDIGER._legal__tax_Rechtsanwaltsgesellschaft_mbH_CZ_Czech_2025_Certification_Badge-212x300.jpg\" alt=\"\" width=\"212\" height=\"300\" srcset=\"https:\/\/riediger-legal.com\/wp-content\/uploads\/2025\/04\/RIEDIGER._legal__tax_Rechtsanwaltsgesellschaft_mbH_CZ_Czech_2025_Certification_Badge-212x300.jpg 212w, https:\/\/riediger-legal.com\/wp-content\/uploads\/2025\/04\/RIEDIGER._legal__tax_Rechtsanwaltsgesellschaft_mbH_CZ_Czech_2025_Certification_Badge-724x1024.jpg 724w, https:\/\/riediger-legal.com\/wp-content\/uploads\/2025\/04\/RIEDIGER._legal__tax_Rechtsanwaltsgesellschaft_mbH_CZ_Czech_2025_Certification_Badge-768x1086.jpg 768w, https:\/\/riediger-legal.com\/wp-content\/uploads\/2025\/04\/RIEDIGER._legal__tax_Rechtsanwaltsgesellschaft_mbH_CZ_Czech_2025_Certification_Badge-1086x1536.jpg 1086w, https:\/\/riediger-legal.com\/wp-content\/uploads\/2025\/04\/RIEDIGER._legal__tax_Rechtsanwaltsgesellschaft_mbH_CZ_Czech_2025_Certification_Badge-1448x2048.jpg 1448w, https:\/\/riediger-legal.com\/wp-content\/uploads\/2025\/04\/RIEDIGER._legal__tax_Rechtsanwaltsgesellschaft_mbH_CZ_Czech_2025_Certification_Badge-scaled.jpg 1810w\" sizes=\"auto, (max-width: 212px) 100vw, 212px\" \/><\/td>\n<td style=\"width: 50%;\">S pot\u011b\u0161en\u00edm v\u00e1m oznamujeme, \u017ee spole\u010dnost RIEDIGER. legal | tax byla ofici\u00e1ln\u011b certifikov\u00e1na jako &#8222;Great Place to Work&#8220; v \u010cesk\u00e9 republice i v N\u011bmecku! Toto ocen\u011bn\u00ed je pro n\u00e1s nejen potvrzen\u00edm, ale tak\u00e9 z\u00e1vazkem, abychom i nad\u00e1le vytv\u00e1\u0159eli vynikaj\u00edc\u00ed pracovn\u00ed prost\u0159ed\u00ed pro na\u0161e zam\u011bstnance.<\/p>\n<p>Certifikace &#8222;Great Place to Work&#8220; je v\u00fdsledkem na\u0161eho z\u00e1vazku k vynikaj\u00edc\u00edm pracovn\u00edm podm\u00ednk\u00e1m, anga\u017eovanosti zam\u011bstnanc\u016f a firemn\u00ed kultu\u0159e zalo\u017een\u00e9 na d\u016fv\u011b\u0159e a spolupr\u00e1ci. Jsme hrd\u00ed na to, \u017ee na\u0161e \u00fasil\u00ed o vytvo\u0159en\u00ed inspirativn\u00edho pracovn\u00edho prost\u0159ed\u00ed bylo ocen\u011bno jak v \u010cesk\u00e9 republice, tak v N\u011bmecku.<\/td>\n<\/tr>\n<\/tbody>\n<\/table>\n<p><strong>Co d\u011bl\u00e1 spole\u010dnost RIEDIGER. legal | tax &#8222;Skv\u011bl\u00fdm m\u00edstem pro pr\u00e1ci&#8220;?<\/strong><\/p>\n<p>&nbsp;<\/p>\n<ul style=\"list-style-type: square;\">\n<li><strong>T\u00fdmov\u00e1 soudr\u017enost:<\/strong> T\u00fdmov\u00e1 pr\u00e1ce je st\u0159edobodem v\u0161eho, co d\u011bl\u00e1me. V\u00e1\u017e\u00edme si rozmanitosti na\u0161ich t\u00fdm\u016f a podporujeme kulturu spolupr\u00e1ce a respektu.<\/li>\n<\/ul>\n<p>&nbsp;<\/p>\n<ul style=\"list-style-type: square;\">\n<li><strong>P\u0159\u00edle\u017eitosti k rozvoji:<\/strong> Investujeme do profesn\u00edho rozvoje na\u0161ich zam\u011bstnanc\u016f a podporujeme je v tom, aby naplno vyu\u017eili sv\u016fj potenci\u00e1l.<\/li>\n<\/ul>\n<p>&nbsp;<\/p>\n<ul style=\"list-style-type: square;\">\n<li><strong>D\u016fv\u011bra a transparentnost:<\/strong> Otev\u0159en\u00e1 komunikace a d\u016fv\u011bra jsou pro n\u00e1s z\u00e1sadn\u00ed. V\u011b\u0159\u00edme, \u017ee transparentn\u00ed \u0159\u00edzen\u00ed je z\u00e1kladem pozitivn\u00edho pracovn\u00edho prost\u0159ed\u00ed.<\/li>\n<\/ul>\n<p>&nbsp;<\/p>\n<ul style=\"list-style-type: square;\">\n<li><strong>Rovnov\u00e1ha mezi pracovn\u00edm a soukrom\u00fdm \u017eivotem:<\/strong> Uv\u011bdomujeme si d\u016fle\u017eitost dobr\u00e9 rovnov\u00e1hy mezi pracovn\u00edm a soukrom\u00fdm \u017eivotem a sna\u017e\u00edme se zajistit, aby na\u0161i zam\u011bstnanci byli \u00fasp\u011b\u0161n\u00ed jak po profesn\u00ed, tak po osobn\u00ed str\u00e1nce.<\/li>\n<\/ul>\n<p>Toto ocen\u011bn\u00ed n\u00e1s motivuje k dal\u0161\u00edmu prosazov\u00e1n\u00ed osv\u011bd\u010den\u00fdch postup\u016f v oblasti \u0159\u00edzen\u00ed zam\u011bstnanc\u016f a k neust\u00e1l\u00e9mu zlep\u0161ov\u00e1n\u00ed na\u0161\u00ed firemn\u00ed kultury.<\/p>\n<p>&nbsp;<\/p>\n<p>D\u011bkujeme na\u0161emu fantastick\u00e9mu t\u00fdmu, kter\u00fd ka\u017ed\u00fd den p\u0159isp\u00edv\u00e1 k tomu, \u017ee RIEDIGER. legal | tax je skv\u011bl\u00fdm m\u00edstem pro pr\u00e1ci! A ano: spole\u010dn\u011b se m\u016f\u017eeme st\u00e1le zlep\u0161ovat!<\/p>\n<p>#Greatplacetowork<br \/>\n#Arbeitgeberauszeichnung<br \/>\n#Wearegreat<br \/>\n#Unternehmenskultur<br \/>\n#Greatmeansmore<\/p>\n<p>&nbsp;<\/p>\n","protected":false},"excerpt":{"rendered":"<p>V\u00e1\u017een\u00ed \u010dten\u00e1\u0159i, &nbsp; S pot\u011b\u0161en\u00edm v\u00e1m oznamujeme, \u017ee spole\u010dnost RIEDIGER. legal | tax byla ofici\u00e1ln\u011b certifikov\u00e1na jako &#8222;Great Place to Work&#8220; v \u010cesk\u00e9 republice i v N\u011bmecku! Toto ocen\u011bn\u00ed je pro n\u00e1s nejen potvrzen\u00edm, ale tak\u00e9 z\u00e1vazkem, abychom i nad\u00e1le vytv\u00e1\u0159eli vynikaj\u00edc\u00ed pracovn\u00ed prost\u0159ed\u00ed pro na\u0161e zam\u011bstnance. Certifikace &#8222;Great Place to Work&#8220; je v\u00fdsledkem na\u0161eho [&hellip;]<\/p>\n","protected":false},"author":3,"featured_media":0,"comment_status":"open","ping_status":"open","sticky":false,"template":"","format":"standard","meta":{"_acf_changed":false,"footnotes":""},"categories":[31,30,33,32,34],"tags":[],"class_list":["post-4676","post","type-post","status-publish","format-standard","hentry","category-cz","category-d","category-legal","category-pl","category-tax"],"acf":[],"yoast_head":"<!-- This site is optimized with the Yoast SEO Premium plugin v27.3 (Yoast SEO v27.3) - https:\/\/yoast.com\/product\/yoast-seo-premium-wordpress\/ -->\n<title>RIEDIGER. pr\u00e1vn\u00ed | da\u0148: &quot;Skv\u011bl\u00e9 m\u00edsto pro pr\u00e1ci&quot; v \u010cesk\u00e9 republice a N\u011bmecku - RIEDIGER. legal | tax Rechtsanwaltsgesellschaft mbH<\/title>\n<meta name=\"description\" content=\"RIEDIGER. pr\u00e1vn\u00ed | da\u0148: &quot;Skv\u011bl\u00e9 m\u00edsto pro pr\u00e1ci&quot; v \u010cesk\u00e9 republice a N\u011bmecku. Jsme na toto ocen\u011bn\u00ed hrd\u00ed a d\u011bkujeme na\u0161emu t\u00fdmu\" \/>\n<meta name=\"robots\" content=\"index, follow, max-snippet:-1, max-image-preview:large, max-video-preview:-1\" \/>\n<meta property=\"og:locale\" content=\"cs_CZ\" \/>\n<meta property=\"og:type\" content=\"article\" \/>\n<meta property=\"og:title\" content=\"RIEDIGER. pr\u00e1vn\u00ed | da\u0148: &quot;Skv\u011bl\u00e9 m\u00edsto pro pr\u00e1ci&quot; v \u010cesk\u00e9 republice a N\u011bmecku\" \/>\n<meta property=\"og:description\" content=\"RIEDIGER. pr\u00e1vn\u00ed | da\u0148: &quot;Skv\u011bl\u00e9 m\u00edsto pro pr\u00e1ci&quot; v \u010cesk\u00e9 republice a N\u011bmecku. Jsme na toto ocen\u011bn\u00ed hrd\u00ed a d\u011bkujeme na\u0161emu t\u00fdmu\" \/>\n<meta property=\"og:url\" content=\"https:\/\/riediger-legal.com\/cs\/2023\/12\/29\/riediger-pravni-dan-skvele-misto-pro-praci-v-ceske-republice-a-nemecku\/\" \/>\n<meta property=\"og:site_name\" content=\"RIEDIGER. legal | tax Rechtsanwaltsgesellschaft mbH\" \/>\n<meta property=\"article:published_time\" content=\"2023-12-29T13:41:22+00:00\" \/>\n<meta property=\"article:modified_time\" content=\"2025-04-03T11:12:52+00:00\" \/>\n<meta property=\"og:image\" content=\"https:\/\/riediger-legal.com\/wp-content\/uploads\/2025\/04\/RIEDIGER._legal__tax_Rechtsanwaltsgesellschaft_mbH_CZ_Czech_2025_Certification_Badge-scaled.jpg\" \/>\n\t<meta property=\"og:image:width\" content=\"1810\" \/>\n\t<meta property=\"og:image:height\" content=\"2560\" \/>\n\t<meta property=\"og:image:type\" content=\"image\/jpeg\" \/>\n<meta name=\"author\" content=\"Miriam Huhmann\" \/>\n<meta name=\"twitter:card\" content=\"summary_large_image\" \/>\n<meta name=\"twitter:label1\" content=\"Napsal(a)\" \/>\n\t<meta name=\"twitter:data1\" content=\"Miriam Huhmann\" \/>\n\t<meta name=\"twitter:label2\" content=\"Odhadovan\u00e1 doba \u010dten\u00ed\" \/>\n\t<meta name=\"twitter:data2\" content=\"2 minuty\" \/>\n<script type=\"application\/ld+json\" class=\"yoast-schema-graph\">{\"@context\":\"https:\\\/\\\/schema.org\",\"@graph\":[{\"@type\":\"Article\",\"@id\":\"https:\\\/\\\/riediger-legal.com\\\/cs\\\/2023\\\/12\\\/29\\\/riediger-pravni-dan-skvele-misto-pro-praci-v-ceske-republice-a-nemecku\\\/#article\",\"isPartOf\":{\"@id\":\"https:\\\/\\\/riediger-legal.com\\\/cs\\\/2023\\\/12\\\/29\\\/riediger-pravni-dan-skvele-misto-pro-praci-v-ceske-republice-a-nemecku\\\/\"},\"author\":{\"name\":\"Miriam Huhmann\",\"@id\":\"https:\\\/\\\/riediger-legal.com\\\/cs\\\/#\\\/schema\\\/person\\\/485ae3235dbce9b2691c61ab53ac05d8\"},\"headline\":\"RIEDIGER. pr\u00e1vn\u00ed | da\u0148: &#8222;Skv\u011bl\u00e9 m\u00edsto pro pr\u00e1ci&#8220; v \u010cesk\u00e9 republice a N\u011bmecku\",\"datePublished\":\"2023-12-29T13:41:22+00:00\",\"dateModified\":\"2025-04-03T11:12:52+00:00\",\"mainEntityOfPage\":{\"@id\":\"https:\\\/\\\/riediger-legal.com\\\/cs\\\/2023\\\/12\\\/29\\\/riediger-pravni-dan-skvele-misto-pro-praci-v-ceske-republice-a-nemecku\\\/\"},\"wordCount\":385,\"commentCount\":0,\"publisher\":{\"@id\":\"https:\\\/\\\/riediger-legal.com\\\/cs\\\/#organization\"},\"image\":{\"@id\":\"https:\\\/\\\/riediger-legal.com\\\/cs\\\/2023\\\/12\\\/29\\\/riediger-pravni-dan-skvele-misto-pro-praci-v-ceske-republice-a-nemecku\\\/#primaryimage\"},\"thumbnailUrl\":\"https:\\\/\\\/riediger-legal.com\\\/wp-content\\\/uploads\\\/2025\\\/04\\\/RIEDIGER._legal__tax_Rechtsanwaltsgesellschaft_mbH_CZ_Czech_2025_Certification_Badge-212x300.jpg\",\"articleSection\":[\"CZ\",\"D\",\"legal\",\"PL\",\"tax\"],\"inLanguage\":\"cs\",\"potentialAction\":[{\"@type\":\"CommentAction\",\"name\":\"Comment\",\"target\":[\"https:\\\/\\\/riediger-legal.com\\\/cs\\\/2023\\\/12\\\/29\\\/riediger-pravni-dan-skvele-misto-pro-praci-v-ceske-republice-a-nemecku\\\/#respond\"]}]},{\"@type\":\"WebPage\",\"@id\":\"https:\\\/\\\/riediger-legal.com\\\/cs\\\/2023\\\/12\\\/29\\\/riediger-pravni-dan-skvele-misto-pro-praci-v-ceske-republice-a-nemecku\\\/\",\"url\":\"https:\\\/\\\/riediger-legal.com\\\/cs\\\/2023\\\/12\\\/29\\\/riediger-pravni-dan-skvele-misto-pro-praci-v-ceske-republice-a-nemecku\\\/\",\"name\":\"RIEDIGER. pr\u00e1vn\u00ed | da\u0148: \\\"Skv\u011bl\u00e9 m\u00edsto pro pr\u00e1ci\\\" v \u010cesk\u00e9 republice a N\u011bmecku - RIEDIGER. legal | tax Rechtsanwaltsgesellschaft mbH\",\"isPartOf\":{\"@id\":\"https:\\\/\\\/riediger-legal.com\\\/cs\\\/#website\"},\"primaryImageOfPage\":{\"@id\":\"https:\\\/\\\/riediger-legal.com\\\/cs\\\/2023\\\/12\\\/29\\\/riediger-pravni-dan-skvele-misto-pro-praci-v-ceske-republice-a-nemecku\\\/#primaryimage\"},\"image\":{\"@id\":\"https:\\\/\\\/riediger-legal.com\\\/cs\\\/2023\\\/12\\\/29\\\/riediger-pravni-dan-skvele-misto-pro-praci-v-ceske-republice-a-nemecku\\\/#primaryimage\"},\"thumbnailUrl\":\"https:\\\/\\\/riediger-legal.com\\\/wp-content\\\/uploads\\\/2025\\\/04\\\/RIEDIGER._legal__tax_Rechtsanwaltsgesellschaft_mbH_CZ_Czech_2025_Certification_Badge-212x300.jpg\",\"datePublished\":\"2023-12-29T13:41:22+00:00\",\"dateModified\":\"2025-04-03T11:12:52+00:00\",\"description\":\"RIEDIGER. pr\u00e1vn\u00ed | da\u0148: \\\"Skv\u011bl\u00e9 m\u00edsto pro pr\u00e1ci\\\" v \u010cesk\u00e9 republice a N\u011bmecku. Jsme na toto ocen\u011bn\u00ed hrd\u00ed a d\u011bkujeme na\u0161emu t\u00fdmu\",\"breadcrumb\":{\"@id\":\"https:\\\/\\\/riediger-legal.com\\\/cs\\\/2023\\\/12\\\/29\\\/riediger-pravni-dan-skvele-misto-pro-praci-v-ceske-republice-a-nemecku\\\/#breadcrumb\"},\"inLanguage\":\"cs\",\"potentialAction\":[{\"@type\":\"ReadAction\",\"target\":[\"https:\\\/\\\/riediger-legal.com\\\/cs\\\/2023\\\/12\\\/29\\\/riediger-pravni-dan-skvele-misto-pro-praci-v-ceske-republice-a-nemecku\\\/\"]}]},{\"@type\":\"ImageObject\",\"inLanguage\":\"cs\",\"@id\":\"https:\\\/\\\/riediger-legal.com\\\/cs\\\/2023\\\/12\\\/29\\\/riediger-pravni-dan-skvele-misto-pro-praci-v-ceske-republice-a-nemecku\\\/#primaryimage\",\"url\":\"https:\\\/\\\/riediger-legal.com\\\/wp-content\\\/uploads\\\/2025\\\/04\\\/RIEDIGER._legal__tax_Rechtsanwaltsgesellschaft_mbH_CZ_Czech_2025_Certification_Badge-212x300.jpg\",\"contentUrl\":\"https:\\\/\\\/riediger-legal.com\\\/wp-content\\\/uploads\\\/2025\\\/04\\\/RIEDIGER._legal__tax_Rechtsanwaltsgesellschaft_mbH_CZ_Czech_2025_Certification_Badge-212x300.jpg\"},{\"@type\":\"BreadcrumbList\",\"@id\":\"https:\\\/\\\/riediger-legal.com\\\/cs\\\/2023\\\/12\\\/29\\\/riediger-pravni-dan-skvele-misto-pro-praci-v-ceske-republice-a-nemecku\\\/#breadcrumb\",\"itemListElement\":[{\"@type\":\"ListItem\",\"position\":1,\"name\":\"Startseite\",\"item\":\"https:\\\/\\\/riediger-legal.com\\\/cs\\\/\"},{\"@type\":\"ListItem\",\"position\":2,\"name\":\"RIEDIGER. pr\u00e1vn\u00ed | da\u0148: &#8222;Skv\u011bl\u00e9 m\u00edsto pro pr\u00e1ci&#8220; v \u010cesk\u00e9 republice a N\u011bmecku\"}]},{\"@type\":\"WebSite\",\"@id\":\"https:\\\/\\\/riediger-legal.com\\\/cs\\\/#website\",\"url\":\"https:\\\/\\\/riediger-legal.com\\\/cs\\\/\",\"name\":\"RIEDIGER. legal | tax Rechtsanwaltsgesellschaft mbH\",\"description\":\"\",\"publisher\":{\"@id\":\"https:\\\/\\\/riediger-legal.com\\\/cs\\\/#organization\"},\"potentialAction\":[{\"@type\":\"SearchAction\",\"target\":{\"@type\":\"EntryPoint\",\"urlTemplate\":\"https:\\\/\\\/riediger-legal.com\\\/cs\\\/?s={search_term_string}\"},\"query-input\":{\"@type\":\"PropertyValueSpecification\",\"valueRequired\":true,\"valueName\":\"search_term_string\"}}],\"inLanguage\":\"cs\"},{\"@type\":\"Organization\",\"@id\":\"https:\\\/\\\/riediger-legal.com\\\/cs\\\/#organization\",\"name\":\"RIEDIGER. legal | tax Rechtsanwaltsgesellschaft mbH\",\"url\":\"https:\\\/\\\/riediger-legal.com\\\/cs\\\/\",\"logo\":{\"@type\":\"ImageObject\",\"inLanguage\":\"cs\",\"@id\":\"https:\\\/\\\/riediger-legal.com\\\/cs\\\/#\\\/schema\\\/logo\\\/image\\\/\",\"url\":\"https:\\\/\\\/riediger-legal.com\\\/wp-content\\\/uploads\\\/2024\\\/10\\\/Logo.png\",\"contentUrl\":\"https:\\\/\\\/riediger-legal.com\\\/wp-content\\\/uploads\\\/2024\\\/10\\\/Logo.png\",\"width\":592,\"height\":354,\"caption\":\"RIEDIGER. legal | tax Rechtsanwaltsgesellschaft mbH\"},\"image\":{\"@id\":\"https:\\\/\\\/riediger-legal.com\\\/cs\\\/#\\\/schema\\\/logo\\\/image\\\/\"},\"sameAs\":[\"https:\\\/\\\/www.linkedin.com\\\/analytics\\\/creator\\\/top-posts\\\/?metricType=IMPRESSIONS&resultType=DUMMY&timeRange=past_7_days&midToken=AQHCpc28UAVXmA&midSig=3_QkfydKYZ0Xo1&trk=eml-email_weekly_analytics_recap-email~weekly~analytics~recap-0-cta~top~performing~post&trkEmail=eml-email_weekly_analytics_recap-email~weekly~analytics~recap-0-cta~top~performing~post-null-au4m5u~lz8aaxki~jh-null-null&eid=au4m5u-lz8aaxki-jh&otpToken=MTQwMDFiZTIxNDJiY2NjY2IyMjQwNGVkNDQxY2U0Yjc4YWM2ZDY0MjlmYWY4ZjYxNmNjZTAzNjg0ODU4NWJmYmZmZDVkZjg5NmFiMGNhZmE2NGZjZDIxNTg5YTBmOTZhMWFiNTMwMWJlMDc2ODYxNTNmNTdiOCwxLDE\"]},{\"@type\":\"Person\",\"@id\":\"https:\\\/\\\/riediger-legal.com\\\/cs\\\/#\\\/schema\\\/person\\\/485ae3235dbce9b2691c61ab53ac05d8\",\"name\":\"Miriam Huhmann\",\"url\":\"https:\\\/\\\/riediger-legal.com\\\/cs\\\/author\\\/miriam-huhmann\\\/\"}]}<\/script>\n<!-- \/ Yoast SEO Premium plugin. -->","yoast_head_json":{"title":"RIEDIGER. pr\u00e1vn\u00ed | da\u0148: \"Skv\u011bl\u00e9 m\u00edsto pro pr\u00e1ci\" v \u010cesk\u00e9 republice a N\u011bmecku - RIEDIGER. legal | tax Rechtsanwaltsgesellschaft mbH","description":"RIEDIGER. pr\u00e1vn\u00ed | da\u0148: \"Skv\u011bl\u00e9 m\u00edsto pro pr\u00e1ci\" v \u010cesk\u00e9 republice a N\u011bmecku. Jsme na toto ocen\u011bn\u00ed hrd\u00ed a d\u011bkujeme na\u0161emu t\u00fdmu","robots":{"index":"index","follow":"follow","max-snippet":"max-snippet:-1","max-image-preview":"max-image-preview:large","max-video-preview":"max-video-preview:-1"},"og_locale":"cs_CZ","og_type":"article","og_title":"RIEDIGER. pr\u00e1vn\u00ed | da\u0148: \"Skv\u011bl\u00e9 m\u00edsto pro pr\u00e1ci\" v \u010cesk\u00e9 republice a N\u011bmecku","og_description":"RIEDIGER. pr\u00e1vn\u00ed | da\u0148: \"Skv\u011bl\u00e9 m\u00edsto pro pr\u00e1ci\" v \u010cesk\u00e9 republice a N\u011bmecku. Jsme na toto ocen\u011bn\u00ed hrd\u00ed a d\u011bkujeme na\u0161emu t\u00fdmu","og_url":"https:\/\/riediger-legal.com\/cs\/2023\/12\/29\/riediger-pravni-dan-skvele-misto-pro-praci-v-ceske-republice-a-nemecku\/","og_site_name":"RIEDIGER. legal | tax Rechtsanwaltsgesellschaft mbH","article_published_time":"2023-12-29T13:41:22+00:00","article_modified_time":"2025-04-03T11:12:52+00:00","og_image":[{"width":1810,"height":2560,"url":"https:\/\/riediger-legal.com\/wp-content\/uploads\/2025\/04\/RIEDIGER._legal__tax_Rechtsanwaltsgesellschaft_mbH_CZ_Czech_2025_Certification_Badge-scaled.jpg","type":"image\/jpeg"}],"author":"Miriam Huhmann","twitter_card":"summary_large_image","twitter_misc":{"Napsal(a)":"Miriam Huhmann","Odhadovan\u00e1 doba \u010dten\u00ed":"2 minuty"},"schema":{"@context":"https:\/\/schema.org","@graph":[{"@type":"Article","@id":"https:\/\/riediger-legal.com\/cs\/2023\/12\/29\/riediger-pravni-dan-skvele-misto-pro-praci-v-ceske-republice-a-nemecku\/#article","isPartOf":{"@id":"https:\/\/riediger-legal.com\/cs\/2023\/12\/29\/riediger-pravni-dan-skvele-misto-pro-praci-v-ceske-republice-a-nemecku\/"},"author":{"name":"Miriam Huhmann","@id":"https:\/\/riediger-legal.com\/cs\/#\/schema\/person\/485ae3235dbce9b2691c61ab53ac05d8"},"headline":"RIEDIGER. pr\u00e1vn\u00ed | da\u0148: &#8222;Skv\u011bl\u00e9 m\u00edsto pro pr\u00e1ci&#8220; v \u010cesk\u00e9 republice a N\u011bmecku","datePublished":"2023-12-29T13:41:22+00:00","dateModified":"2025-04-03T11:12:52+00:00","mainEntityOfPage":{"@id":"https:\/\/riediger-legal.com\/cs\/2023\/12\/29\/riediger-pravni-dan-skvele-misto-pro-praci-v-ceske-republice-a-nemecku\/"},"wordCount":385,"commentCount":0,"publisher":{"@id":"https:\/\/riediger-legal.com\/cs\/#organization"},"image":{"@id":"https:\/\/riediger-legal.com\/cs\/2023\/12\/29\/riediger-pravni-dan-skvele-misto-pro-praci-v-ceske-republice-a-nemecku\/#primaryimage"},"thumbnailUrl":"https:\/\/riediger-legal.com\/wp-content\/uploads\/2025\/04\/RIEDIGER._legal__tax_Rechtsanwaltsgesellschaft_mbH_CZ_Czech_2025_Certification_Badge-212x300.jpg","articleSection":["CZ","D","legal","PL","tax"],"inLanguage":"cs","potentialAction":[{"@type":"CommentAction","name":"Comment","target":["https:\/\/riediger-legal.com\/cs\/2023\/12\/29\/riediger-pravni-dan-skvele-misto-pro-praci-v-ceske-republice-a-nemecku\/#respond"]}]},{"@type":"WebPage","@id":"https:\/\/riediger-legal.com\/cs\/2023\/12\/29\/riediger-pravni-dan-skvele-misto-pro-praci-v-ceske-republice-a-nemecku\/","url":"https:\/\/riediger-legal.com\/cs\/2023\/12\/29\/riediger-pravni-dan-skvele-misto-pro-praci-v-ceske-republice-a-nemecku\/","name":"RIEDIGER. pr\u00e1vn\u00ed | da\u0148: \"Skv\u011bl\u00e9 m\u00edsto pro pr\u00e1ci\" v \u010cesk\u00e9 republice a N\u011bmecku - RIEDIGER. legal | tax Rechtsanwaltsgesellschaft mbH","isPartOf":{"@id":"https:\/\/riediger-legal.com\/cs\/#website"},"primaryImageOfPage":{"@id":"https:\/\/riediger-legal.com\/cs\/2023\/12\/29\/riediger-pravni-dan-skvele-misto-pro-praci-v-ceske-republice-a-nemecku\/#primaryimage"},"image":{"@id":"https:\/\/riediger-legal.com\/cs\/2023\/12\/29\/riediger-pravni-dan-skvele-misto-pro-praci-v-ceske-republice-a-nemecku\/#primaryimage"},"thumbnailUrl":"https:\/\/riediger-legal.com\/wp-content\/uploads\/2025\/04\/RIEDIGER._legal__tax_Rechtsanwaltsgesellschaft_mbH_CZ_Czech_2025_Certification_Badge-212x300.jpg","datePublished":"2023-12-29T13:41:22+00:00","dateModified":"2025-04-03T11:12:52+00:00","description":"RIEDIGER. pr\u00e1vn\u00ed | da\u0148: \"Skv\u011bl\u00e9 m\u00edsto pro pr\u00e1ci\" v \u010cesk\u00e9 republice a N\u011bmecku. Jsme na toto ocen\u011bn\u00ed hrd\u00ed a d\u011bkujeme na\u0161emu t\u00fdmu","breadcrumb":{"@id":"https:\/\/riediger-legal.com\/cs\/2023\/12\/29\/riediger-pravni-dan-skvele-misto-pro-praci-v-ceske-republice-a-nemecku\/#breadcrumb"},"inLanguage":"cs","potentialAction":[{"@type":"ReadAction","target":["https:\/\/riediger-legal.com\/cs\/2023\/12\/29\/riediger-pravni-dan-skvele-misto-pro-praci-v-ceske-republice-a-nemecku\/"]}]},{"@type":"ImageObject","inLanguage":"cs","@id":"https:\/\/riediger-legal.com\/cs\/2023\/12\/29\/riediger-pravni-dan-skvele-misto-pro-praci-v-ceske-republice-a-nemecku\/#primaryimage","url":"https:\/\/riediger-legal.com\/wp-content\/uploads\/2025\/04\/RIEDIGER._legal__tax_Rechtsanwaltsgesellschaft_mbH_CZ_Czech_2025_Certification_Badge-212x300.jpg","contentUrl":"https:\/\/riediger-legal.com\/wp-content\/uploads\/2025\/04\/RIEDIGER._legal__tax_Rechtsanwaltsgesellschaft_mbH_CZ_Czech_2025_Certification_Badge-212x300.jpg"},{"@type":"BreadcrumbList","@id":"https:\/\/riediger-legal.com\/cs\/2023\/12\/29\/riediger-pravni-dan-skvele-misto-pro-praci-v-ceske-republice-a-nemecku\/#breadcrumb","itemListElement":[{"@type":"ListItem","position":1,"name":"Startseite","item":"https:\/\/riediger-legal.com\/cs\/"},{"@type":"ListItem","position":2,"name":"RIEDIGER. pr\u00e1vn\u00ed | da\u0148: &#8222;Skv\u011bl\u00e9 m\u00edsto pro pr\u00e1ci&#8220; v \u010cesk\u00e9 republice a N\u011bmecku"}]},{"@type":"WebSite","@id":"https:\/\/riediger-legal.com\/cs\/#website","url":"https:\/\/riediger-legal.com\/cs\/","name":"RIEDIGER. legal | tax Rechtsanwaltsgesellschaft mbH","description":"","publisher":{"@id":"https:\/\/riediger-legal.com\/cs\/#organization"},"potentialAction":[{"@type":"SearchAction","target":{"@type":"EntryPoint","urlTemplate":"https:\/\/riediger-legal.com\/cs\/?s={search_term_string}"},"query-input":{"@type":"PropertyValueSpecification","valueRequired":true,"valueName":"search_term_string"}}],"inLanguage":"cs"},{"@type":"Organization","@id":"https:\/\/riediger-legal.com\/cs\/#organization","name":"RIEDIGER. legal | tax Rechtsanwaltsgesellschaft mbH","url":"https:\/\/riediger-legal.com\/cs\/","logo":{"@type":"ImageObject","inLanguage":"cs","@id":"https:\/\/riediger-legal.com\/cs\/#\/schema\/logo\/image\/","url":"https:\/\/riediger-legal.com\/wp-content\/uploads\/2024\/10\/Logo.png","contentUrl":"https:\/\/riediger-legal.com\/wp-content\/uploads\/2024\/10\/Logo.png","width":592,"height":354,"caption":"RIEDIGER. legal | tax Rechtsanwaltsgesellschaft mbH"},"image":{"@id":"https:\/\/riediger-legal.com\/cs\/#\/schema\/logo\/image\/"},"sameAs":["https:\/\/www.linkedin.com\/analytics\/creator\/top-posts\/?metricType=IMPRESSIONS&resultType=DUMMY&timeRange=past_7_days&midToken=AQHCpc28UAVXmA&midSig=3_QkfydKYZ0Xo1&trk=eml-email_weekly_analytics_recap-email~weekly~analytics~recap-0-cta~top~performing~post&trkEmail=eml-email_weekly_analytics_recap-email~weekly~analytics~recap-0-cta~top~performing~post-null-au4m5u~lz8aaxki~jh-null-null&eid=au4m5u-lz8aaxki-jh&otpToken=MTQwMDFiZTIxNDJiY2NjY2IyMjQwNGVkNDQxY2U0Yjc4YWM2ZDY0MjlmYWY4ZjYxNmNjZTAzNjg0ODU4NWJmYmZmZDVkZjg5NmFiMGNhZmE2NGZjZDIxNTg5YTBmOTZhMWFiNTMwMWJlMDc2ODYxNTNmNTdiOCwxLDE"]},{"@type":"Person","@id":"https:\/\/riediger-legal.com\/cs\/#\/schema\/person\/485ae3235dbce9b2691c61ab53ac05d8","name":"Miriam Huhmann","url":"https:\/\/riediger-legal.com\/cs\/author\/miriam-huhmann\/"}]}},"_links":{"self":[{"href":"https:\/\/riediger-legal.com\/cs\/wp-json\/wp\/v2\/posts\/4676","targetHints":{"allow":["GET"]}}],"collection":[{"href":"https:\/\/riediger-legal.com\/cs\/wp-json\/wp\/v2\/posts"}],"about":[{"href":"https:\/\/riediger-legal.com\/cs\/wp-json\/wp\/v2\/types\/post"}],"author":[{"embeddable":true,"href":"https:\/\/riediger-legal.com\/cs\/wp-json\/wp\/v2\/users\/3"}],"replies":[{"embeddable":true,"href":"https:\/\/riediger-legal.com\/cs\/wp-json\/wp\/v2\/comments?post=4676"}],"version-history":[{"count":3,"href":"https:\/\/riediger-legal.com\/cs\/wp-json\/wp\/v2\/posts\/4676\/revisions"}],"predecessor-version":[{"id":5419,"href":"https:\/\/riediger-legal.com\/cs\/wp-json\/wp\/v2\/posts\/4676\/revisions\/5419"}],"wp:attachment":[{"href":"https:\/\/riediger-legal.com\/cs\/wp-json\/wp\/v2\/media?parent=4676"}],"wp:term":[{"taxonomy":"category","embeddable":true,"href":"https:\/\/riediger-legal.com\/cs\/wp-json\/wp\/v2\/categories?post=4676"},{"taxonomy":"post_tag","embeddable":true,"href":"https:\/\/riediger-legal.com\/cs\/wp-json\/wp\/v2\/tags?post=4676"}],"curies":[{"name":"wp","href":"https:\/\/api.w.org\/{rel}","templated":true}]}}