{"id":5251,"date":"2025-02-05T14:14:34","date_gmt":"2025-02-05T13:14:34","guid":{"rendered":"https:\/\/riediger-legal.com\/2025\/02\/05\/prognoza-hospodarskeho-rustu-snizena-co-to-znamena-pro-firmy\/"},"modified":"2025-02-06T13:37:51","modified_gmt":"2025-02-06T12:37:51","slug":"prognoza-hospodarskeho-rustu-snizena-co-to-znamena-pro-firmy","status":"publish","type":"post","link":"https:\/\/riediger-legal.com\/cs\/2025\/02\/05\/prognoza-hospodarskeho-rustu-snizena-co-to-znamena-pro-firmy\/","title":{"rendered":"Progn\u00f3za hospod\u00e1\u0159sk\u00e9ho r\u016fstu sn\u00ed\u017eena \u2013 Co to znamen\u00e1 pro firmy?"},"content":{"rendered":"<p>N\u011bmeck\u00e1 vl\u00e1da drasticky revidovala svou progn\u00f3zu r\u016fstu pro rok 2025 sm\u011brem dol\u016f: nam\u00edsto 1,1 % se o\u010dek\u00e1v\u00e1 pouze 0,3 %. Tato \u010d\u00edsla jsou jasn\u00fdm sign\u00e1lem pro firmy, aby se p\u0159ipravily na ekonomick\u00e9 v\u00fdzvy.<\/p>\n<p>V nejist\u00fdch dob\u00e1ch se pr\u00e1vn\u00ed a strategick\u00e1 p\u0159edv\u00eddavost st\u00e1v\u00e1 st\u00e1le d\u016fle\u017eit\u011bj\u0161\u00ed: <a href=\"https:\/\/riediger-legal.com\/cs\/pravni-poradenstvi\/\">kontrola smluv<\/a>, <a href=\"https:\/\/riediger-legal.com\/cs\/danove-poradenstvi\/\">restrukturalizace<\/a> a d<a href=\"https:\/\/riediger-legal.com\/cs\/compliance\/\">odr\u017eov\u00e1n\u00ed p\u0159edpis\u016f se st\u00e1vaj\u00ed z\u00e1sadn\u00edmi<\/a>. Spole\u010dnosti by m\u011bly kriticky ov\u011b\u0159it sv\u00e9 obchodn\u00ed modely a minimalizovat pr\u00e1vn\u00ed rizika v ran\u00e9 f\u00e1zi.<\/p>\n<p>Na\u0161e kancel\u00e1\u0159 V\u00e1m poskytne komplexn\u00ed poradenstv\u00ed v oblasti obchodn\u00edho a da\u0148ov\u00e9ho pr\u00e1va, abyste byli optim\u00e1ln\u011b p\u0159ipraveni. Pokud m\u00e1te jak\u00e9koli dotazy nebo pot\u0159ebujete poradit, m\u016f\u017eete se na n\u00e1s kdykoli obr\u00e1tit.<\/p>\n<p>Bu\u010fte informov\u00e1ni a dob\u0159e p\u0159ipraveni &#8211; r\u00e1di V\u00e1s podpo\u0159\u00edme! <span lang=\"PL\">Domluvte si <a href=\"https:\/\/riediger-legal.com\/cs\/kontakt\/\">konzultaci<\/a> ji\u017e nyn\u00ed!<\/span><\/p>\n<p>V\u00e1\u0161 t\u00fdm z RIEDIGER. legal | tax<\/p>\n","protected":false},"excerpt":{"rendered":"<p>N\u011bmeck\u00e1 vl\u00e1da drasticky revidovala svou progn\u00f3zu r\u016fstu pro rok 2025 sm\u011brem dol\u016f: nam\u00edsto 1,1 % se o\u010dek\u00e1v\u00e1 pouze 0,3 %. Tato \u010d\u00edsla jsou jasn\u00fdm sign\u00e1lem pro firmy, aby se p\u0159ipravily na ekonomick\u00e9 v\u00fdzvy. V nejist\u00fdch dob\u00e1ch se pr\u00e1vn\u00ed a strategick\u00e1 p\u0159edv\u00eddavost st\u00e1v\u00e1 st\u00e1le d\u016fle\u017eit\u011bj\u0161\u00ed: kontrola smluv, restrukturalizace a dodr\u017eov\u00e1n\u00ed p\u0159edpis\u016f se st\u00e1vaj\u00ed z\u00e1sadn\u00edmi. Spole\u010dnosti by [&hellip;]<\/p>\n","protected":false},"author":10,"featured_media":0,"comment_status":"closed","ping_status":"closed","sticky":false,"template":"","format":"standard","meta":{"_acf_changed":false,"footnotes":""},"categories":[31,30,33,32,34],"tags":[],"class_list":["post-5251","post","type-post","status-publish","format-standard","hentry","category-cz","category-d","category-legal","category-pl","category-tax"],"acf":[],"yoast_head":"<!-- This site is optimized with the Yoast SEO Premium plugin v27.3 (Yoast SEO v27.3) - https:\/\/yoast.com\/product\/yoast-seo-premium-wordpress\/ -->\n<title>Progn\u00f3za hospod\u00e1\u0159sk\u00e9ho r\u016fstu sn\u00ed\u017eena \u2013 Co to znamen\u00e1 pro firmy? - RIEDIGER. legal | tax Rechtsanwaltsgesellschaft mbH<\/title>\n<meta name=\"description\" content=\"N\u011bmeck\u00e1 vl\u00e1da drasticky revidovala svou progn\u00f3zu r\u016fstu pro rok 2025 sm\u011brem dol\u016f. Co to znamen\u00e1 pro firmy?\" \/>\n<meta name=\"robots\" content=\"index, follow, max-snippet:-1, max-image-preview:large, max-video-preview:-1\" \/>\n<meta property=\"og:locale\" content=\"cs_CZ\" \/>\n<meta property=\"og:type\" content=\"article\" \/>\n<meta property=\"og:title\" content=\"Progn\u00f3za hospod\u00e1\u0159sk\u00e9ho r\u016fstu sn\u00ed\u017eena \u2013 Co to znamen\u00e1 pro firmy?\" \/>\n<meta property=\"og:description\" content=\"N\u011bmeck\u00e1 vl\u00e1da drasticky revidovala svou progn\u00f3zu r\u016fstu pro rok 2025 sm\u011brem dol\u016f. Co to znamen\u00e1 pro firmy?\" \/>\n<meta property=\"og:url\" content=\"https:\/\/riediger-legal.com\/cs\/2025\/02\/05\/prognoza-hospodarskeho-rustu-snizena-co-to-znamena-pro-firmy\/\" \/>\n<meta property=\"og:site_name\" content=\"RIEDIGER. legal | tax Rechtsanwaltsgesellschaft mbH\" \/>\n<meta property=\"article:published_time\" content=\"2025-02-05T13:14:34+00:00\" \/>\n<meta property=\"article:modified_time\" content=\"2025-02-06T12:37:51+00:00\" \/>\n<meta name=\"author\" content=\"Franziska G\u00fcnther\" \/>\n<meta name=\"twitter:card\" content=\"summary_large_image\" \/>\n<meta name=\"twitter:label1\" content=\"Napsal(a)\" \/>\n\t<meta name=\"twitter:data1\" content=\"Franziska G\u00fcnther\" \/>\n\t<meta name=\"twitter:label2\" content=\"Odhadovan\u00e1 doba \u010dten\u00ed\" \/>\n\t<meta name=\"twitter:data2\" content=\"1 minuta\" \/>\n<script type=\"application\/ld+json\" class=\"yoast-schema-graph\">{\"@context\":\"https:\\\/\\\/schema.org\",\"@graph\":[{\"@type\":\"Article\",\"@id\":\"https:\\\/\\\/riediger-legal.com\\\/cs\\\/2025\\\/02\\\/05\\\/prognoza-hospodarskeho-rustu-snizena-co-to-znamena-pro-firmy\\\/#article\",\"isPartOf\":{\"@id\":\"https:\\\/\\\/riediger-legal.com\\\/cs\\\/2025\\\/02\\\/05\\\/prognoza-hospodarskeho-rustu-snizena-co-to-znamena-pro-firmy\\\/\"},\"author\":{\"name\":\"Franziska G\u00fcnther\",\"@id\":\"https:\\\/\\\/riediger-legal.com\\\/cs\\\/#\\\/schema\\\/person\\\/0c2c8c03c853639ecacf90468d33605d\"},\"headline\":\"Progn\u00f3za hospod\u00e1\u0159sk\u00e9ho r\u016fstu sn\u00ed\u017eena \u2013 Co to znamen\u00e1 pro firmy?\",\"datePublished\":\"2025-02-05T13:14:34+00:00\",\"dateModified\":\"2025-02-06T12:37:51+00:00\",\"mainEntityOfPage\":{\"@id\":\"https:\\\/\\\/riediger-legal.com\\\/cs\\\/2025\\\/02\\\/05\\\/prognoza-hospodarskeho-rustu-snizena-co-to-znamena-pro-firmy\\\/\"},\"wordCount\":181,\"publisher\":{\"@id\":\"https:\\\/\\\/riediger-legal.com\\\/cs\\\/#organization\"},\"articleSection\":[\"CZ\",\"D\",\"legal\",\"PL\",\"tax\"],\"inLanguage\":\"cs\"},{\"@type\":\"WebPage\",\"@id\":\"https:\\\/\\\/riediger-legal.com\\\/cs\\\/2025\\\/02\\\/05\\\/prognoza-hospodarskeho-rustu-snizena-co-to-znamena-pro-firmy\\\/\",\"url\":\"https:\\\/\\\/riediger-legal.com\\\/cs\\\/2025\\\/02\\\/05\\\/prognoza-hospodarskeho-rustu-snizena-co-to-znamena-pro-firmy\\\/\",\"name\":\"Progn\u00f3za hospod\u00e1\u0159sk\u00e9ho r\u016fstu sn\u00ed\u017eena \u2013 Co to znamen\u00e1 pro firmy? - RIEDIGER. legal | tax Rechtsanwaltsgesellschaft mbH\",\"isPartOf\":{\"@id\":\"https:\\\/\\\/riediger-legal.com\\\/cs\\\/#website\"},\"datePublished\":\"2025-02-05T13:14:34+00:00\",\"dateModified\":\"2025-02-06T12:37:51+00:00\",\"description\":\"N\u011bmeck\u00e1 vl\u00e1da drasticky revidovala svou progn\u00f3zu r\u016fstu pro rok 2025 sm\u011brem dol\u016f. Co to znamen\u00e1 pro firmy?\",\"breadcrumb\":{\"@id\":\"https:\\\/\\\/riediger-legal.com\\\/cs\\\/2025\\\/02\\\/05\\\/prognoza-hospodarskeho-rustu-snizena-co-to-znamena-pro-firmy\\\/#breadcrumb\"},\"inLanguage\":\"cs\",\"potentialAction\":[{\"@type\":\"ReadAction\",\"target\":[\"https:\\\/\\\/riediger-legal.com\\\/cs\\\/2025\\\/02\\\/05\\\/prognoza-hospodarskeho-rustu-snizena-co-to-znamena-pro-firmy\\\/\"]}]},{\"@type\":\"BreadcrumbList\",\"@id\":\"https:\\\/\\\/riediger-legal.com\\\/cs\\\/2025\\\/02\\\/05\\\/prognoza-hospodarskeho-rustu-snizena-co-to-znamena-pro-firmy\\\/#breadcrumb\",\"itemListElement\":[{\"@type\":\"ListItem\",\"position\":1,\"name\":\"Startseite\",\"item\":\"https:\\\/\\\/riediger-legal.com\\\/cs\\\/\"},{\"@type\":\"ListItem\",\"position\":2,\"name\":\"Progn\u00f3za hospod\u00e1\u0159sk\u00e9ho r\u016fstu sn\u00ed\u017eena \u2013 Co to znamen\u00e1 pro firmy?\"}]},{\"@type\":\"WebSite\",\"@id\":\"https:\\\/\\\/riediger-legal.com\\\/cs\\\/#website\",\"url\":\"https:\\\/\\\/riediger-legal.com\\\/cs\\\/\",\"name\":\"RIEDIGER. legal | tax Rechtsanwaltsgesellschaft mbH\",\"description\":\"\",\"publisher\":{\"@id\":\"https:\\\/\\\/riediger-legal.com\\\/cs\\\/#organization\"},\"potentialAction\":[{\"@type\":\"SearchAction\",\"target\":{\"@type\":\"EntryPoint\",\"urlTemplate\":\"https:\\\/\\\/riediger-legal.com\\\/cs\\\/?s={search_term_string}\"},\"query-input\":{\"@type\":\"PropertyValueSpecification\",\"valueRequired\":true,\"valueName\":\"search_term_string\"}}],\"inLanguage\":\"cs\"},{\"@type\":\"Organization\",\"@id\":\"https:\\\/\\\/riediger-legal.com\\\/cs\\\/#organization\",\"name\":\"RIEDIGER. legal | tax Rechtsanwaltsgesellschaft mbH\",\"url\":\"https:\\\/\\\/riediger-legal.com\\\/cs\\\/\",\"logo\":{\"@type\":\"ImageObject\",\"inLanguage\":\"cs\",\"@id\":\"https:\\\/\\\/riediger-legal.com\\\/cs\\\/#\\\/schema\\\/logo\\\/image\\\/\",\"url\":\"https:\\\/\\\/riediger-legal.com\\\/wp-content\\\/uploads\\\/2024\\\/10\\\/Logo.png\",\"contentUrl\":\"https:\\\/\\\/riediger-legal.com\\\/wp-content\\\/uploads\\\/2024\\\/10\\\/Logo.png\",\"width\":592,\"height\":354,\"caption\":\"RIEDIGER. legal | tax Rechtsanwaltsgesellschaft mbH\"},\"image\":{\"@id\":\"https:\\\/\\\/riediger-legal.com\\\/cs\\\/#\\\/schema\\\/logo\\\/image\\\/\"},\"sameAs\":[\"https:\\\/\\\/www.linkedin.com\\\/analytics\\\/creator\\\/top-posts\\\/?metricType=IMPRESSIONS&resultType=DUMMY&timeRange=past_7_days&midToken=AQHCpc28UAVXmA&midSig=3_QkfydKYZ0Xo1&trk=eml-email_weekly_analytics_recap-email~weekly~analytics~recap-0-cta~top~performing~post&trkEmail=eml-email_weekly_analytics_recap-email~weekly~analytics~recap-0-cta~top~performing~post-null-au4m5u~lz8aaxki~jh-null-null&eid=au4m5u-lz8aaxki-jh&otpToken=MTQwMDFiZTIxNDJiY2NjY2IyMjQwNGVkNDQxY2U0Yjc4YWM2ZDY0MjlmYWY4ZjYxNmNjZTAzNjg0ODU4NWJmYmZmZDVkZjg5NmFiMGNhZmE2NGZjZDIxNTg5YTBmOTZhMWFiNTMwMWJlMDc2ODYxNTNmNTdiOCwxLDE\"]},{\"@type\":\"Person\",\"@id\":\"https:\\\/\\\/riediger-legal.com\\\/cs\\\/#\\\/schema\\\/person\\\/0c2c8c03c853639ecacf90468d33605d\",\"name\":\"Franziska G\u00fcnther\",\"url\":\"https:\\\/\\\/riediger-legal.com\\\/cs\\\/author\\\/franziska-guenther\\\/\"}]}<\/script>\n<!-- \/ Yoast SEO Premium plugin. -->","yoast_head_json":{"title":"Progn\u00f3za hospod\u00e1\u0159sk\u00e9ho r\u016fstu sn\u00ed\u017eena \u2013 Co to znamen\u00e1 pro firmy? - RIEDIGER. legal | tax Rechtsanwaltsgesellschaft mbH","description":"N\u011bmeck\u00e1 vl\u00e1da drasticky revidovala svou progn\u00f3zu r\u016fstu pro rok 2025 sm\u011brem dol\u016f. Co to znamen\u00e1 pro firmy?","robots":{"index":"index","follow":"follow","max-snippet":"max-snippet:-1","max-image-preview":"max-image-preview:large","max-video-preview":"max-video-preview:-1"},"og_locale":"cs_CZ","og_type":"article","og_title":"Progn\u00f3za hospod\u00e1\u0159sk\u00e9ho r\u016fstu sn\u00ed\u017eena \u2013 Co to znamen\u00e1 pro firmy?","og_description":"N\u011bmeck\u00e1 vl\u00e1da drasticky revidovala svou progn\u00f3zu r\u016fstu pro rok 2025 sm\u011brem dol\u016f. Co to znamen\u00e1 pro firmy?","og_url":"https:\/\/riediger-legal.com\/cs\/2025\/02\/05\/prognoza-hospodarskeho-rustu-snizena-co-to-znamena-pro-firmy\/","og_site_name":"RIEDIGER. legal | tax Rechtsanwaltsgesellschaft mbH","article_published_time":"2025-02-05T13:14:34+00:00","article_modified_time":"2025-02-06T12:37:51+00:00","author":"Franziska G\u00fcnther","twitter_card":"summary_large_image","twitter_misc":{"Napsal(a)":"Franziska G\u00fcnther","Odhadovan\u00e1 doba \u010dten\u00ed":"1 minuta"},"schema":{"@context":"https:\/\/schema.org","@graph":[{"@type":"Article","@id":"https:\/\/riediger-legal.com\/cs\/2025\/02\/05\/prognoza-hospodarskeho-rustu-snizena-co-to-znamena-pro-firmy\/#article","isPartOf":{"@id":"https:\/\/riediger-legal.com\/cs\/2025\/02\/05\/prognoza-hospodarskeho-rustu-snizena-co-to-znamena-pro-firmy\/"},"author":{"name":"Franziska G\u00fcnther","@id":"https:\/\/riediger-legal.com\/cs\/#\/schema\/person\/0c2c8c03c853639ecacf90468d33605d"},"headline":"Progn\u00f3za hospod\u00e1\u0159sk\u00e9ho r\u016fstu sn\u00ed\u017eena \u2013 Co to znamen\u00e1 pro firmy?","datePublished":"2025-02-05T13:14:34+00:00","dateModified":"2025-02-06T12:37:51+00:00","mainEntityOfPage":{"@id":"https:\/\/riediger-legal.com\/cs\/2025\/02\/05\/prognoza-hospodarskeho-rustu-snizena-co-to-znamena-pro-firmy\/"},"wordCount":181,"publisher":{"@id":"https:\/\/riediger-legal.com\/cs\/#organization"},"articleSection":["CZ","D","legal","PL","tax"],"inLanguage":"cs"},{"@type":"WebPage","@id":"https:\/\/riediger-legal.com\/cs\/2025\/02\/05\/prognoza-hospodarskeho-rustu-snizena-co-to-znamena-pro-firmy\/","url":"https:\/\/riediger-legal.com\/cs\/2025\/02\/05\/prognoza-hospodarskeho-rustu-snizena-co-to-znamena-pro-firmy\/","name":"Progn\u00f3za hospod\u00e1\u0159sk\u00e9ho r\u016fstu sn\u00ed\u017eena \u2013 Co to znamen\u00e1 pro firmy? - RIEDIGER. legal | tax Rechtsanwaltsgesellschaft mbH","isPartOf":{"@id":"https:\/\/riediger-legal.com\/cs\/#website"},"datePublished":"2025-02-05T13:14:34+00:00","dateModified":"2025-02-06T12:37:51+00:00","description":"N\u011bmeck\u00e1 vl\u00e1da drasticky revidovala svou progn\u00f3zu r\u016fstu pro rok 2025 sm\u011brem dol\u016f. Co to znamen\u00e1 pro firmy?","breadcrumb":{"@id":"https:\/\/riediger-legal.com\/cs\/2025\/02\/05\/prognoza-hospodarskeho-rustu-snizena-co-to-znamena-pro-firmy\/#breadcrumb"},"inLanguage":"cs","potentialAction":[{"@type":"ReadAction","target":["https:\/\/riediger-legal.com\/cs\/2025\/02\/05\/prognoza-hospodarskeho-rustu-snizena-co-to-znamena-pro-firmy\/"]}]},{"@type":"BreadcrumbList","@id":"https:\/\/riediger-legal.com\/cs\/2025\/02\/05\/prognoza-hospodarskeho-rustu-snizena-co-to-znamena-pro-firmy\/#breadcrumb","itemListElement":[{"@type":"ListItem","position":1,"name":"Startseite","item":"https:\/\/riediger-legal.com\/cs\/"},{"@type":"ListItem","position":2,"name":"Progn\u00f3za hospod\u00e1\u0159sk\u00e9ho r\u016fstu sn\u00ed\u017eena \u2013 Co to znamen\u00e1 pro firmy?"}]},{"@type":"WebSite","@id":"https:\/\/riediger-legal.com\/cs\/#website","url":"https:\/\/riediger-legal.com\/cs\/","name":"RIEDIGER. legal | tax Rechtsanwaltsgesellschaft mbH","description":"","publisher":{"@id":"https:\/\/riediger-legal.com\/cs\/#organization"},"potentialAction":[{"@type":"SearchAction","target":{"@type":"EntryPoint","urlTemplate":"https:\/\/riediger-legal.com\/cs\/?s={search_term_string}"},"query-input":{"@type":"PropertyValueSpecification","valueRequired":true,"valueName":"search_term_string"}}],"inLanguage":"cs"},{"@type":"Organization","@id":"https:\/\/riediger-legal.com\/cs\/#organization","name":"RIEDIGER. legal | tax Rechtsanwaltsgesellschaft mbH","url":"https:\/\/riediger-legal.com\/cs\/","logo":{"@type":"ImageObject","inLanguage":"cs","@id":"https:\/\/riediger-legal.com\/cs\/#\/schema\/logo\/image\/","url":"https:\/\/riediger-legal.com\/wp-content\/uploads\/2024\/10\/Logo.png","contentUrl":"https:\/\/riediger-legal.com\/wp-content\/uploads\/2024\/10\/Logo.png","width":592,"height":354,"caption":"RIEDIGER. legal | tax Rechtsanwaltsgesellschaft mbH"},"image":{"@id":"https:\/\/riediger-legal.com\/cs\/#\/schema\/logo\/image\/"},"sameAs":["https:\/\/www.linkedin.com\/analytics\/creator\/top-posts\/?metricType=IMPRESSIONS&resultType=DUMMY&timeRange=past_7_days&midToken=AQHCpc28UAVXmA&midSig=3_QkfydKYZ0Xo1&trk=eml-email_weekly_analytics_recap-email~weekly~analytics~recap-0-cta~top~performing~post&trkEmail=eml-email_weekly_analytics_recap-email~weekly~analytics~recap-0-cta~top~performing~post-null-au4m5u~lz8aaxki~jh-null-null&eid=au4m5u-lz8aaxki-jh&otpToken=MTQwMDFiZTIxNDJiY2NjY2IyMjQwNGVkNDQxY2U0Yjc4YWM2ZDY0MjlmYWY4ZjYxNmNjZTAzNjg0ODU4NWJmYmZmZDVkZjg5NmFiMGNhZmE2NGZjZDIxNTg5YTBmOTZhMWFiNTMwMWJlMDc2ODYxNTNmNTdiOCwxLDE"]},{"@type":"Person","@id":"https:\/\/riediger-legal.com\/cs\/#\/schema\/person\/0c2c8c03c853639ecacf90468d33605d","name":"Franziska G\u00fcnther","url":"https:\/\/riediger-legal.com\/cs\/author\/franziska-guenther\/"}]}},"_links":{"self":[{"href":"https:\/\/riediger-legal.com\/cs\/wp-json\/wp\/v2\/posts\/5251","targetHints":{"allow":["GET"]}}],"collection":[{"href":"https:\/\/riediger-legal.com\/cs\/wp-json\/wp\/v2\/posts"}],"about":[{"href":"https:\/\/riediger-legal.com\/cs\/wp-json\/wp\/v2\/types\/post"}],"author":[{"embeddable":true,"href":"https:\/\/riediger-legal.com\/cs\/wp-json\/wp\/v2\/users\/10"}],"replies":[{"embeddable":true,"href":"https:\/\/riediger-legal.com\/cs\/wp-json\/wp\/v2\/comments?post=5251"}],"version-history":[{"count":2,"href":"https:\/\/riediger-legal.com\/cs\/wp-json\/wp\/v2\/posts\/5251\/revisions"}],"predecessor-version":[{"id":5257,"href":"https:\/\/riediger-legal.com\/cs\/wp-json\/wp\/v2\/posts\/5251\/revisions\/5257"}],"wp:attachment":[{"href":"https:\/\/riediger-legal.com\/cs\/wp-json\/wp\/v2\/media?parent=5251"}],"wp:term":[{"taxonomy":"category","embeddable":true,"href":"https:\/\/riediger-legal.com\/cs\/wp-json\/wp\/v2\/categories?post=5251"},{"taxonomy":"post_tag","embeddable":true,"href":"https:\/\/riediger-legal.com\/cs\/wp-json\/wp\/v2\/tags?post=5251"}],"curies":[{"name":"wp","href":"https:\/\/api.w.org\/{rel}","templated":true}]}}