{"id":1688,"date":"2019-12-05T16:30:20","date_gmt":"2019-12-05T15:30:20","guid":{"rendered":"https:\/\/riediger-legal.com\/2019\/12\/05\/podroze-sluzbowe-do-krajow-ue-za-granice-tylko-z-zaswiadczeniem-a1-z-polskiego-punktu-widzenia\/"},"modified":"2019-12-05T16:39:34","modified_gmt":"2019-12-05T15:39:34","slug":"podroze-sluzbowe-do-krajow-ue-za-granice-tylko-z-zaswiadczeniem-a1-z-polskiego-punktu-widzenia","status":"publish","type":"post","link":"https:\/\/riediger-legal.com\/pl\/2019\/12\/05\/podroze-sluzbowe-do-krajow-ue-za-granice-tylko-z-zaswiadczeniem-a1-z-polskiego-punktu-widzenia\/","title":{"rendered":"Podr\u00f3\u017ce s\u0142u\u017cbowe do kraj\u00f3w UE za granic\u0119 tylko z za\u015bwiadczeniem A1 (z polskiego punktu widzenia)"},"content":{"rendered":"<p>W poprzednich artyku\u0142ach opisali\u015bmy temat konieczno\u015bci uzyskiwania za\u015bwiadczenia A1 przy podr\u00f3\u017cach s\u0142u\u017cbowych do kraj\u00f3w UE za granic\u0119 z niemieckiego i czeskiego punktu widzenia. W tym artykule opisujemy temat za\u015bwiadcze\u0144 A1 przy zagranicznych podr\u00f3\u017cach s\u0142u\u017cbowych z polskiego punktu widzenia.<\/p>\n<p>Jak wskazywali\u015bmy w poprzednich artyku\u0142ach, za\u015bwiadczenie A1 ma na celu po\u015bwiadczenie zagranicznym organom ubezpiecze\u0144 spo\u0142ecznych z kraj\u00f3w UE, EOG i Szwajcarii, systemowi ubezpiecze\u0144 kt\u00f3rego pa\u0144stwa podlega pracownik, tj. w kt\u00f3rym pa\u0144stwie op\u0142acane s\u0105 sk\u0142adki ubezpieczeniowe i w kt\u00f3rym wyp\u0142acane s\u0105 \u015bwiadczenia z zakresu ubezpiecze\u0144 spo\u0142ecznych. Wydawane jest ono na wniosek przez w\u0142a\u015bciwe organy ubezpiecze\u0144 spo\u0142ecznych pa\u0144stwa, kt\u00f3rego systemowi ubezpiecze\u0144 podlega dana osoba. W Polsce za\u015bwiadczenie A1 wydawane jest przez Zak\u0142ad Ubezpiecze\u0144 Spo\u0142ecznych na wniosek pracownika lub na wniosek pracodawcy.<\/p>\n<p>Za\u015bwiadczenie A1 powinien mie\u0107 nie tylko pracownik oddelegowany do pracy za granic\u0105, ale r\u00f3wnie\u017c pracownik wysy\u0142any w podr\u00f3\u017c s\u0142u\u017cbow\u0105.<\/p>\n<p>W Polsce bardzo wa\u017cne jest przy tym, aby wyra\u017anie zaznaczy\u0107 przy sk\u0142adaniu wniosku o wydanie za\u015bwiadczenia A1, \u017ce chodzi o podr\u00f3\u017c s\u0142u\u017cbow\u0105 (najlepiej za pomoc\u0105 pisma przewodniego z do\u0142\u0105czonym poleceniem wyjazdu s\u0142u\u017cbowego), poniewa\u017c sam formularz wniosku sformu\u0142owany jest jedynie w odniesieniu do oddelegowania pracownik\u00f3w. Brak zaznaczenia, \u017ce chodzi o podr\u00f3\u017c s\u0142u\u017cbow\u0105, mo\u017ce skutkowa\u0107 uznaniem przez organy, \u017ce chodzi o oddelegowanie, co ma wp\u0142yw na rozliczenie sk\u0142adek i podatku dochodowego.<\/p>\n<p>Nale\u017cy zwr\u00f3ci\u0107 uwag\u0119, i\u017c S\u0105d Najwy\u017cszy wypowiedzia\u0142 si\u0119 parokrotnie w orzeczeniach, i\u017c wydanie przez ZUS za\u015bwiadczenia na formularzach A1 wyklucza uznanie, \u017ce pracownicy we wskazanych w nich okresach przebywali w podr\u00f3\u017cach s\u0142u\u017cbowych (wyrok SN z dnia 14 listopada 2013 r., sygn. II UK 204\/13; wyrok SN z dnia 13 stycznia 2015 r., sygn. II UK 205\/13). Na skutek takiego rozwoju orzecznictwa ZUS zaznacza obecnie w wydawanych za\u015bwiadczeniach, \u017ce zosta\u0142y one wydane w zwi\u0105zku z podr\u00f3\u017c\u0105 s\u0142u\u017cbow\u0105. Je\u015bli takiego zaznaczenia Pa\u0144stwa za\u015bwiadczenie by nie zawiera\u0142o, nale\u017cy koniecznie zwr\u00f3ci\u0107 si\u0119 do ZUS o uzupe\u0142nienie informacji.<\/p>\n<p>Wniosek o wydanie za\u015bwiadczenia A1 pracodawca mo\u017ce z\u0142o\u017cy\u0107:<\/p>\n<ul>\n<li>osobi\u015bcie lub przez osob\u0119 upowa\u017cnion\u0105 w dowolnej jednostce ZUS (spraw\u0119 przyspieszy jednak z\u0142o\u017cenie dokument\u00f3w w plac\u00f3wce ZUS w\u0142a\u015bciwej dla siedziby p\u0142atnika sk\u0142adek \u2013 z regu\u0142y pracodawcy)<\/li>\n<li>poczt\u0105 do dowolnej jednostki ZUS (najlepiej jednak do plac\u00f3wki ZUS w\u0142a\u015bciwej dla siedziby p\u0142atnika sk\u0142adek \u2013 z regu\u0142y pracodawcy)<\/li>\n<li>przez Internet, je\u015bli posiada zarejestrowany profil PUE ZUS<\/li>\n<\/ul>\n<p>Wniosek nie podlega op\u0142acie.<\/p>\n<p>Wniosek sk\u0142ada si\u0119 za pomoc\u0105 formularza, kt\u00f3ry mo\u017cna pobra\u0107 ze strony internetowej ZUS \u2013 zus.pl lub z profilu PUE ZUS (us\u0142uga &#8222;Z\u0142o\u017cenie dokumentu US-31&#8221;). Ostatnia aktualizacja z dnia 07.05.2019.<\/p>\n<p>W przypadku obywatela pa\u0144stwa cz\u0142onkowskiego UE, EOG lub Szwajcarii do wniosku nale\u017cy dodatkowo za\u0142\u0105czy\u0107 wype\u0142niony formularz US-55 dot. informacji o miejscu zamieszkania.<\/p>\n<p>W przypadku obywatela pa\u0144stwa spoza UE, EOG lub Szwajcarii do wniosku nale\u017cy dodatkowo za\u0142\u0105czy\u0107 wype\u0142niony formularz US-54 dot. informacji o legalno\u015bci zamieszkania.<\/p>\n<p>Je\u015bli ZUS posiada wszystkie informacje konieczne do wydania za\u015bwiadczenia A1 wydaje je niezw\u0142ocznie. W przypadku w\u0105tpliwo\u015bci za\u015bwiadczenie wydawane jest w ci\u0105gu miesi\u0105ca, a w przypadku sprawy szczeg\u00f3lnie skomplikowanej w ci\u0105gu dw\u00f3ch miesi\u0119cy od z\u0142o\u017cenia wniosku.<\/p>\n<p>W przypadku oddelegowania okres, na jaki mo\u017cna otrzyma\u0107 za\u015bwiadczenie A1 nie mo\u017ce by\u0107 d\u0142u\u017cszy ni\u017c 12 miesi\u0119cy i powinien wynika\u0107 z zawartych um\u00f3w o prac\u0119, um\u00f3w zlecenia lub kontrakt\u00f3w. W przypadku podr\u00f3\u017cy s\u0142u\u017cbowych konieczne jest uzyskiwanie odr\u0119bnego za\u015bwiadczenia A1 przed ka\u017cd\u0105 podr\u00f3\u017c\u0105 s\u0142u\u017cbow\u0105 ze wskazaniem okresu podr\u00f3\u017cy s\u0142u\u017cbowej.<\/p>\n<p>We wniosku wskazuje si\u0119 spos\u00f3b odebrania za\u015bwiadczenia. Mo\u017cna to zrobi\u0107 osobi\u015bcie lub przez osob\u0119 upowa\u017cnion\u0105 we wskazanej we wniosku jednostce ZUS, poczt\u0105 lub przez portal PUE ZUS (je\u015bli wnioskodawca dysponuje tym profilem). Je\u015bli za\u015bwiadczenie A1 nie zostanie odebrane w terminie 14 dni od dnia jego wystawienia, mimo dyspozycji osobistego odbioru, ZUS wy\u015ble je poczt\u0105 na adres wnioskodawcy. W przypadku odmowy wydania za\u015bwiadczenia A1 wnioskodawca otrzymuje decyzj\u0119, od kt\u00f3rej mo\u017ce z\u0142o\u017cy\u0107 odwo\u0142anie do s\u0105du, zgodnie z pouczeniem zawartym w decyzji.<\/p>\n<p>W przypadkach pilnych, je\u015bli nie jest mo\u017cliwe otrzymanie za\u015bwiadczenia A1 przed rozpocz\u0119ciem podr\u00f3\u017cy s\u0142u\u017cbowej, nale\u017cy przynajmniej z\u0142o\u017cy\u0107 wniosek o wydanie za\u015bwiadczenia A1 przed jej rozpocz\u0119ciem. Pracownik powinien w trakcie podr\u00f3\u017cy s\u0142u\u017cbowej m\u00f3c okaza\u0107 z\u0142o\u017cony wniosek, najlepiej z potwierdzeniem przyj\u0119cia w jednostce ZUS lub z potwierdzeniem wys\u0142ania poczt\u0105 lub poprzez PUE ZUS.<\/p>\n<p>Wnioski:<\/p>\n<p>R\u00f3wnie\u017c w Polsce konieczne jest uzyskiwanie za\u015bwiadczenia A1 w sytuacji wysy\u0142ania pracownika w podr\u00f3\u017c s\u0142u\u017cbow\u0105 za granic\u0119. Poniewa\u017c wniosek o wydanie za\u015bwiadczenia A1 sformu\u0142owany jest jedynie w odniesieniu do oddelegowania pracownik\u00f3w, nale\u017cy wyra\u017anie zaznaczy\u0107, \u017ce wniosek sk\u0142adany jest w zwi\u0105zku z podr\u00f3\u017c\u0105 s\u0142u\u017cbow\u0105 pracownika. Brak takiego wyra\u017anego wykazania, mo\u017ce stanowi\u0107 podstaw\u0119 do przyj\u0119cia, \u017ce pracownik zosta\u0142 oddelegowany, co mo\u017ce wi\u0105za\u0107 si\u0119 z konsekwencjami w zakresie prawid\u0142owo\u015bci rozliczenia sk\u0142adek i podatku dochodowego \u2013 diety oraz inne nale\u017cno\u015bci z tytu\u0142u podr\u00f3\u017cy s\u0142u\u017cbowej pracownika wyp\u0142acone w okresie po\u015bwiadczonym przez ZUS na formularzu A1 przy uznaniu, \u017ce chodzi o oddelegowanie, a nie podr\u00f3\u017c s\u0142u\u017cbow\u0105 nie b\u0119d\u0105 wy\u0142\u0105czone z podstawy wymiaru sk\u0142adek, co b\u0119dzie mia\u0142o wp\u0142yw na wysoko\u015b\u0107 sk\u0142adek oraz wysoko\u015b\u0107 podatku dochodowego.<\/p>\n<p>Ch\u0119tnie pomo\u017cemy Pa\u0144stwu przy prawid\u0142owym z\u0142o\u017ceniu wniosku i uzyskaniu za\u015bwiadczenia A1.<\/p>\n","protected":false},"excerpt":{"rendered":"<p>W poprzednich artyku\u0142ach opisali\u015bmy temat konieczno\u015bci uzyskiwania za\u015bwiadczenia A1 przy podr\u00f3\u017cach s\u0142u\u017cbowych do kraj\u00f3w UE za granic\u0119 z niemieckiego i czeskiego punktu widzenia. W tym artykule opisujemy temat za\u015bwiadcze\u0144 A1 przy zagranicznych podr\u00f3\u017cach s\u0142u\u017cbowych z polskiego punktu widzenia. Jak wskazywali\u015bmy w poprzednich artyku\u0142ach, za\u015bwiadczenie A1 ma na celu po\u015bwiadczenie zagranicznym organom ubezpiecze\u0144 spo\u0142ecznych z kraj\u00f3w [&hellip;]<\/p>\n","protected":false},"author":3,"featured_media":0,"comment_status":"open","ping_status":"open","sticky":false,"template":"","format":"standard","meta":{"_acf_changed":false,"footnotes":""},"categories":[43,42,44],"tags":[],"class_list":["post-1688","post","type-post","status-publish","format-standard","hentry","category-legal-pl","category-pl-pl","category-tax-pl"],"acf":[],"yoast_head":"<!-- This site is optimized with the Yoast SEO Premium plugin v27.3 (Yoast SEO v27.3) - https:\/\/yoast.com\/product\/yoast-seo-premium-wordpress\/ -->\n<title>Podr\u00f3\u017ce s\u0142u\u017cbowe do kraj\u00f3w UE za granic\u0119 tylko z za\u015bwiadczeniem A1 (z polskiego punktu widzenia) - RIEDIGER. legal | tax Rechtsanwaltsgesellschaft mbH<\/title>\n<meta name=\"robots\" content=\"index, follow, max-snippet:-1, max-image-preview:large, max-video-preview:-1\" \/>\n<meta property=\"og:locale\" content=\"pl_PL\" \/>\n<meta property=\"og:type\" content=\"article\" \/>\n<meta property=\"og:title\" content=\"Podr\u00f3\u017ce s\u0142u\u017cbowe do kraj\u00f3w UE za granic\u0119 tylko z za\u015bwiadczeniem A1 (z polskiego punktu widzenia)\" \/>\n<meta property=\"og:description\" content=\"W poprzednich artyku\u0142ach opisali\u015bmy temat konieczno\u015bci uzyskiwania za\u015bwiadczenia A1 przy podr\u00f3\u017cach s\u0142u\u017cbowych do kraj\u00f3w UE za granic\u0119 z niemieckiego i czeskiego punktu widzenia. W tym artykule opisujemy temat za\u015bwiadcze\u0144 A1 przy zagranicznych podr\u00f3\u017cach s\u0142u\u017cbowych z polskiego punktu widzenia. Jak wskazywali\u015bmy w poprzednich artyku\u0142ach, za\u015bwiadczenie A1 ma na celu po\u015bwiadczenie zagranicznym organom ubezpiecze\u0144 spo\u0142ecznych z kraj\u00f3w [&hellip;]\" \/>\n<meta property=\"og:url\" content=\"https:\/\/riediger-legal.com\/pl\/2019\/12\/05\/podroze-sluzbowe-do-krajow-ue-za-granice-tylko-z-zaswiadczeniem-a1-z-polskiego-punktu-widzenia\/\" \/>\n<meta property=\"og:site_name\" content=\"RIEDIGER. legal | tax Rechtsanwaltsgesellschaft mbH\" \/>\n<meta property=\"article:published_time\" content=\"2019-12-05T15:30:20+00:00\" \/>\n<meta property=\"article:modified_time\" content=\"2019-12-05T15:39:34+00:00\" \/>\n<meta name=\"author\" content=\"Miriam Huhmann\" \/>\n<meta name=\"twitter:card\" content=\"summary_large_image\" \/>\n<meta name=\"twitter:label1\" content=\"Napisane przez\" \/>\n\t<meta name=\"twitter:data1\" content=\"Miriam Huhmann\" \/>\n\t<meta name=\"twitter:label2\" content=\"Szacowany czas czytania\" \/>\n\t<meta name=\"twitter:data2\" content=\"5 minut\" \/>\n<script type=\"application\/ld+json\" class=\"yoast-schema-graph\">{\"@context\":\"https:\\\/\\\/schema.org\",\"@graph\":[{\"@type\":\"Article\",\"@id\":\"https:\\\/\\\/riediger-legal.com\\\/pl\\\/2019\\\/12\\\/05\\\/podroze-sluzbowe-do-krajow-ue-za-granice-tylko-z-zaswiadczeniem-a1-z-polskiego-punktu-widzenia\\\/#article\",\"isPartOf\":{\"@id\":\"https:\\\/\\\/riediger-legal.com\\\/pl\\\/2019\\\/12\\\/05\\\/podroze-sluzbowe-do-krajow-ue-za-granice-tylko-z-zaswiadczeniem-a1-z-polskiego-punktu-widzenia\\\/\"},\"author\":{\"name\":\"Miriam Huhmann\",\"@id\":\"https:\\\/\\\/riediger-legal.com\\\/pl\\\/#\\\/schema\\\/person\\\/485ae3235dbce9b2691c61ab53ac05d8\"},\"headline\":\"Podr\u00f3\u017ce s\u0142u\u017cbowe do kraj\u00f3w UE za granic\u0119 tylko z za\u015bwiadczeniem A1 (z polskiego punktu widzenia)\",\"datePublished\":\"2019-12-05T15:30:20+00:00\",\"dateModified\":\"2019-12-05T15:39:34+00:00\",\"mainEntityOfPage\":{\"@id\":\"https:\\\/\\\/riediger-legal.com\\\/pl\\\/2019\\\/12\\\/05\\\/podroze-sluzbowe-do-krajow-ue-za-granice-tylko-z-zaswiadczeniem-a1-z-polskiego-punktu-widzenia\\\/\"},\"wordCount\":1018,\"commentCount\":0,\"publisher\":{\"@id\":\"https:\\\/\\\/riediger-legal.com\\\/pl\\\/#organization\"},\"articleSection\":[\"legal\",\"PL\",\"tax\"],\"inLanguage\":\"pl-PL\",\"potentialAction\":[{\"@type\":\"CommentAction\",\"name\":\"Comment\",\"target\":[\"https:\\\/\\\/riediger-legal.com\\\/pl\\\/2019\\\/12\\\/05\\\/podroze-sluzbowe-do-krajow-ue-za-granice-tylko-z-zaswiadczeniem-a1-z-polskiego-punktu-widzenia\\\/#respond\"]}]},{\"@type\":\"WebPage\",\"@id\":\"https:\\\/\\\/riediger-legal.com\\\/pl\\\/2019\\\/12\\\/05\\\/podroze-sluzbowe-do-krajow-ue-za-granice-tylko-z-zaswiadczeniem-a1-z-polskiego-punktu-widzenia\\\/\",\"url\":\"https:\\\/\\\/riediger-legal.com\\\/pl\\\/2019\\\/12\\\/05\\\/podroze-sluzbowe-do-krajow-ue-za-granice-tylko-z-zaswiadczeniem-a1-z-polskiego-punktu-widzenia\\\/\",\"name\":\"Podr\u00f3\u017ce s\u0142u\u017cbowe do kraj\u00f3w UE za granic\u0119 tylko z za\u015bwiadczeniem A1 (z polskiego punktu widzenia) - RIEDIGER. legal | tax Rechtsanwaltsgesellschaft mbH\",\"isPartOf\":{\"@id\":\"https:\\\/\\\/riediger-legal.com\\\/pl\\\/#website\"},\"datePublished\":\"2019-12-05T15:30:20+00:00\",\"dateModified\":\"2019-12-05T15:39:34+00:00\",\"breadcrumb\":{\"@id\":\"https:\\\/\\\/riediger-legal.com\\\/pl\\\/2019\\\/12\\\/05\\\/podroze-sluzbowe-do-krajow-ue-za-granice-tylko-z-zaswiadczeniem-a1-z-polskiego-punktu-widzenia\\\/#breadcrumb\"},\"inLanguage\":\"pl-PL\",\"potentialAction\":[{\"@type\":\"ReadAction\",\"target\":[\"https:\\\/\\\/riediger-legal.com\\\/pl\\\/2019\\\/12\\\/05\\\/podroze-sluzbowe-do-krajow-ue-za-granice-tylko-z-zaswiadczeniem-a1-z-polskiego-punktu-widzenia\\\/\"]}]},{\"@type\":\"BreadcrumbList\",\"@id\":\"https:\\\/\\\/riediger-legal.com\\\/pl\\\/2019\\\/12\\\/05\\\/podroze-sluzbowe-do-krajow-ue-za-granice-tylko-z-zaswiadczeniem-a1-z-polskiego-punktu-widzenia\\\/#breadcrumb\",\"itemListElement\":[{\"@type\":\"ListItem\",\"position\":1,\"name\":\"Startseite\",\"item\":\"https:\\\/\\\/riediger-legal.com\\\/pl\\\/\"},{\"@type\":\"ListItem\",\"position\":2,\"name\":\"Podr\u00f3\u017ce s\u0142u\u017cbowe do kraj\u00f3w UE za granic\u0119 tylko z za\u015bwiadczeniem A1 (z polskiego punktu widzenia)\"}]},{\"@type\":\"WebSite\",\"@id\":\"https:\\\/\\\/riediger-legal.com\\\/pl\\\/#website\",\"url\":\"https:\\\/\\\/riediger-legal.com\\\/pl\\\/\",\"name\":\"RIEDIGER. legal | tax Rechtsanwaltsgesellschaft mbH\",\"description\":\"\",\"publisher\":{\"@id\":\"https:\\\/\\\/riediger-legal.com\\\/pl\\\/#organization\"},\"potentialAction\":[{\"@type\":\"SearchAction\",\"target\":{\"@type\":\"EntryPoint\",\"urlTemplate\":\"https:\\\/\\\/riediger-legal.com\\\/pl\\\/?s={search_term_string}\"},\"query-input\":{\"@type\":\"PropertyValueSpecification\",\"valueRequired\":true,\"valueName\":\"search_term_string\"}}],\"inLanguage\":\"pl-PL\"},{\"@type\":\"Organization\",\"@id\":\"https:\\\/\\\/riediger-legal.com\\\/pl\\\/#organization\",\"name\":\"RIEDIGER. legal | tax Rechtsanwaltsgesellschaft mbH\",\"url\":\"https:\\\/\\\/riediger-legal.com\\\/pl\\\/\",\"logo\":{\"@type\":\"ImageObject\",\"inLanguage\":\"pl-PL\",\"@id\":\"https:\\\/\\\/riediger-legal.com\\\/pl\\\/#\\\/schema\\\/logo\\\/image\\\/\",\"url\":\"https:\\\/\\\/riediger-legal.com\\\/wp-content\\\/uploads\\\/2024\\\/10\\\/Logo.png\",\"contentUrl\":\"https:\\\/\\\/riediger-legal.com\\\/wp-content\\\/uploads\\\/2024\\\/10\\\/Logo.png\",\"width\":592,\"height\":354,\"caption\":\"RIEDIGER. legal | tax Rechtsanwaltsgesellschaft mbH\"},\"image\":{\"@id\":\"https:\\\/\\\/riediger-legal.com\\\/pl\\\/#\\\/schema\\\/logo\\\/image\\\/\"},\"sameAs\":[\"https:\\\/\\\/www.linkedin.com\\\/analytics\\\/creator\\\/top-posts\\\/?metricType=IMPRESSIONS&resultType=DUMMY&timeRange=past_7_days&midToken=AQHCpc28UAVXmA&midSig=3_QkfydKYZ0Xo1&trk=eml-email_weekly_analytics_recap-email~weekly~analytics~recap-0-cta~top~performing~post&trkEmail=eml-email_weekly_analytics_recap-email~weekly~analytics~recap-0-cta~top~performing~post-null-au4m5u~lz8aaxki~jh-null-null&eid=au4m5u-lz8aaxki-jh&otpToken=MTQwMDFiZTIxNDJiY2NjY2IyMjQwNGVkNDQxY2U0Yjc4YWM2ZDY0MjlmYWY4ZjYxNmNjZTAzNjg0ODU4NWJmYmZmZDVkZjg5NmFiMGNhZmE2NGZjZDIxNTg5YTBmOTZhMWFiNTMwMWJlMDc2ODYxNTNmNTdiOCwxLDE\"]},{\"@type\":\"Person\",\"@id\":\"https:\\\/\\\/riediger-legal.com\\\/pl\\\/#\\\/schema\\\/person\\\/485ae3235dbce9b2691c61ab53ac05d8\",\"name\":\"Miriam Huhmann\",\"url\":\"https:\\\/\\\/riediger-legal.com\\\/pl\\\/author\\\/miriam-huhmann\\\/\"}]}<\/script>\n<!-- \/ Yoast SEO Premium plugin. -->","yoast_head_json":{"title":"Podr\u00f3\u017ce s\u0142u\u017cbowe do kraj\u00f3w UE za granic\u0119 tylko z za\u015bwiadczeniem A1 (z polskiego punktu widzenia) - RIEDIGER. legal | tax Rechtsanwaltsgesellschaft mbH","robots":{"index":"index","follow":"follow","max-snippet":"max-snippet:-1","max-image-preview":"max-image-preview:large","max-video-preview":"max-video-preview:-1"},"og_locale":"pl_PL","og_type":"article","og_title":"Podr\u00f3\u017ce s\u0142u\u017cbowe do kraj\u00f3w UE za granic\u0119 tylko z za\u015bwiadczeniem A1 (z polskiego punktu widzenia)","og_description":"W poprzednich artyku\u0142ach opisali\u015bmy temat konieczno\u015bci uzyskiwania za\u015bwiadczenia A1 przy podr\u00f3\u017cach s\u0142u\u017cbowych do kraj\u00f3w UE za granic\u0119 z niemieckiego i czeskiego punktu widzenia. W tym artykule opisujemy temat za\u015bwiadcze\u0144 A1 przy zagranicznych podr\u00f3\u017cach s\u0142u\u017cbowych z polskiego punktu widzenia. Jak wskazywali\u015bmy w poprzednich artyku\u0142ach, za\u015bwiadczenie A1 ma na celu po\u015bwiadczenie zagranicznym organom ubezpiecze\u0144 spo\u0142ecznych z kraj\u00f3w [&hellip;]","og_url":"https:\/\/riediger-legal.com\/pl\/2019\/12\/05\/podroze-sluzbowe-do-krajow-ue-za-granice-tylko-z-zaswiadczeniem-a1-z-polskiego-punktu-widzenia\/","og_site_name":"RIEDIGER. legal | tax Rechtsanwaltsgesellschaft mbH","article_published_time":"2019-12-05T15:30:20+00:00","article_modified_time":"2019-12-05T15:39:34+00:00","author":"Miriam Huhmann","twitter_card":"summary_large_image","twitter_misc":{"Napisane przez":"Miriam Huhmann","Szacowany czas czytania":"5 minut"},"schema":{"@context":"https:\/\/schema.org","@graph":[{"@type":"Article","@id":"https:\/\/riediger-legal.com\/pl\/2019\/12\/05\/podroze-sluzbowe-do-krajow-ue-za-granice-tylko-z-zaswiadczeniem-a1-z-polskiego-punktu-widzenia\/#article","isPartOf":{"@id":"https:\/\/riediger-legal.com\/pl\/2019\/12\/05\/podroze-sluzbowe-do-krajow-ue-za-granice-tylko-z-zaswiadczeniem-a1-z-polskiego-punktu-widzenia\/"},"author":{"name":"Miriam Huhmann","@id":"https:\/\/riediger-legal.com\/pl\/#\/schema\/person\/485ae3235dbce9b2691c61ab53ac05d8"},"headline":"Podr\u00f3\u017ce s\u0142u\u017cbowe do kraj\u00f3w UE za granic\u0119 tylko z za\u015bwiadczeniem A1 (z polskiego punktu widzenia)","datePublished":"2019-12-05T15:30:20+00:00","dateModified":"2019-12-05T15:39:34+00:00","mainEntityOfPage":{"@id":"https:\/\/riediger-legal.com\/pl\/2019\/12\/05\/podroze-sluzbowe-do-krajow-ue-za-granice-tylko-z-zaswiadczeniem-a1-z-polskiego-punktu-widzenia\/"},"wordCount":1018,"commentCount":0,"publisher":{"@id":"https:\/\/riediger-legal.com\/pl\/#organization"},"articleSection":["legal","PL","tax"],"inLanguage":"pl-PL","potentialAction":[{"@type":"CommentAction","name":"Comment","target":["https:\/\/riediger-legal.com\/pl\/2019\/12\/05\/podroze-sluzbowe-do-krajow-ue-za-granice-tylko-z-zaswiadczeniem-a1-z-polskiego-punktu-widzenia\/#respond"]}]},{"@type":"WebPage","@id":"https:\/\/riediger-legal.com\/pl\/2019\/12\/05\/podroze-sluzbowe-do-krajow-ue-za-granice-tylko-z-zaswiadczeniem-a1-z-polskiego-punktu-widzenia\/","url":"https:\/\/riediger-legal.com\/pl\/2019\/12\/05\/podroze-sluzbowe-do-krajow-ue-za-granice-tylko-z-zaswiadczeniem-a1-z-polskiego-punktu-widzenia\/","name":"Podr\u00f3\u017ce s\u0142u\u017cbowe do kraj\u00f3w UE za granic\u0119 tylko z za\u015bwiadczeniem A1 (z polskiego punktu widzenia) - RIEDIGER. legal | tax Rechtsanwaltsgesellschaft mbH","isPartOf":{"@id":"https:\/\/riediger-legal.com\/pl\/#website"},"datePublished":"2019-12-05T15:30:20+00:00","dateModified":"2019-12-05T15:39:34+00:00","breadcrumb":{"@id":"https:\/\/riediger-legal.com\/pl\/2019\/12\/05\/podroze-sluzbowe-do-krajow-ue-za-granice-tylko-z-zaswiadczeniem-a1-z-polskiego-punktu-widzenia\/#breadcrumb"},"inLanguage":"pl-PL","potentialAction":[{"@type":"ReadAction","target":["https:\/\/riediger-legal.com\/pl\/2019\/12\/05\/podroze-sluzbowe-do-krajow-ue-za-granice-tylko-z-zaswiadczeniem-a1-z-polskiego-punktu-widzenia\/"]}]},{"@type":"BreadcrumbList","@id":"https:\/\/riediger-legal.com\/pl\/2019\/12\/05\/podroze-sluzbowe-do-krajow-ue-za-granice-tylko-z-zaswiadczeniem-a1-z-polskiego-punktu-widzenia\/#breadcrumb","itemListElement":[{"@type":"ListItem","position":1,"name":"Startseite","item":"https:\/\/riediger-legal.com\/pl\/"},{"@type":"ListItem","position":2,"name":"Podr\u00f3\u017ce s\u0142u\u017cbowe do kraj\u00f3w UE za granic\u0119 tylko z za\u015bwiadczeniem A1 (z polskiego punktu widzenia)"}]},{"@type":"WebSite","@id":"https:\/\/riediger-legal.com\/pl\/#website","url":"https:\/\/riediger-legal.com\/pl\/","name":"RIEDIGER. legal | tax Rechtsanwaltsgesellschaft mbH","description":"","publisher":{"@id":"https:\/\/riediger-legal.com\/pl\/#organization"},"potentialAction":[{"@type":"SearchAction","target":{"@type":"EntryPoint","urlTemplate":"https:\/\/riediger-legal.com\/pl\/?s={search_term_string}"},"query-input":{"@type":"PropertyValueSpecification","valueRequired":true,"valueName":"search_term_string"}}],"inLanguage":"pl-PL"},{"@type":"Organization","@id":"https:\/\/riediger-legal.com\/pl\/#organization","name":"RIEDIGER. legal | tax Rechtsanwaltsgesellschaft mbH","url":"https:\/\/riediger-legal.com\/pl\/","logo":{"@type":"ImageObject","inLanguage":"pl-PL","@id":"https:\/\/riediger-legal.com\/pl\/#\/schema\/logo\/image\/","url":"https:\/\/riediger-legal.com\/wp-content\/uploads\/2024\/10\/Logo.png","contentUrl":"https:\/\/riediger-legal.com\/wp-content\/uploads\/2024\/10\/Logo.png","width":592,"height":354,"caption":"RIEDIGER. legal | tax Rechtsanwaltsgesellschaft mbH"},"image":{"@id":"https:\/\/riediger-legal.com\/pl\/#\/schema\/logo\/image\/"},"sameAs":["https:\/\/www.linkedin.com\/analytics\/creator\/top-posts\/?metricType=IMPRESSIONS&resultType=DUMMY&timeRange=past_7_days&midToken=AQHCpc28UAVXmA&midSig=3_QkfydKYZ0Xo1&trk=eml-email_weekly_analytics_recap-email~weekly~analytics~recap-0-cta~top~performing~post&trkEmail=eml-email_weekly_analytics_recap-email~weekly~analytics~recap-0-cta~top~performing~post-null-au4m5u~lz8aaxki~jh-null-null&eid=au4m5u-lz8aaxki-jh&otpToken=MTQwMDFiZTIxNDJiY2NjY2IyMjQwNGVkNDQxY2U0Yjc4YWM2ZDY0MjlmYWY4ZjYxNmNjZTAzNjg0ODU4NWJmYmZmZDVkZjg5NmFiMGNhZmE2NGZjZDIxNTg5YTBmOTZhMWFiNTMwMWJlMDc2ODYxNTNmNTdiOCwxLDE"]},{"@type":"Person","@id":"https:\/\/riediger-legal.com\/pl\/#\/schema\/person\/485ae3235dbce9b2691c61ab53ac05d8","name":"Miriam Huhmann","url":"https:\/\/riediger-legal.com\/pl\/author\/miriam-huhmann\/"}]}},"_links":{"self":[{"href":"https:\/\/riediger-legal.com\/pl\/wp-json\/wp\/v2\/posts\/1688","targetHints":{"allow":["GET"]}}],"collection":[{"href":"https:\/\/riediger-legal.com\/pl\/wp-json\/wp\/v2\/posts"}],"about":[{"href":"https:\/\/riediger-legal.com\/pl\/wp-json\/wp\/v2\/types\/post"}],"author":[{"embeddable":true,"href":"https:\/\/riediger-legal.com\/pl\/wp-json\/wp\/v2\/users\/3"}],"replies":[{"embeddable":true,"href":"https:\/\/riediger-legal.com\/pl\/wp-json\/wp\/v2\/comments?post=1688"}],"version-history":[{"count":1,"href":"https:\/\/riediger-legal.com\/pl\/wp-json\/wp\/v2\/posts\/1688\/revisions"}],"predecessor-version":[{"id":1689,"href":"https:\/\/riediger-legal.com\/pl\/wp-json\/wp\/v2\/posts\/1688\/revisions\/1689"}],"wp:attachment":[{"href":"https:\/\/riediger-legal.com\/pl\/wp-json\/wp\/v2\/media?parent=1688"}],"wp:term":[{"taxonomy":"category","embeddable":true,"href":"https:\/\/riediger-legal.com\/pl\/wp-json\/wp\/v2\/categories?post=1688"},{"taxonomy":"post_tag","embeddable":true,"href":"https:\/\/riediger-legal.com\/pl\/wp-json\/wp\/v2\/tags?post=1688"}],"curies":[{"name":"wp","href":"https:\/\/api.w.org\/{rel}","templated":true}]}}