{"id":4679,"date":"2023-12-29T14:49:24","date_gmt":"2023-12-29T13:49:24","guid":{"rendered":"https:\/\/riediger-legal.com\/2023\/12\/29\/riediger-prawna-podatkowa-swietne-miejsce-pracy-w-czechach-i-niemczech\/"},"modified":"2023-12-29T14:49:24","modified_gmt":"2023-12-29T13:49:24","slug":"riediger-prawna-podatkowa-swietne-miejsce-pracy-w-czechach-i-niemczech","status":"publish","type":"post","link":"https:\/\/riediger-legal.com\/pl\/2023\/12\/29\/riediger-prawna-podatkowa-swietne-miejsce-pracy-w-czechach-i-niemczech\/","title":{"rendered":"RIEDIGER. prawna | podatkowa: &#8222;\u015awietne miejsce pracy&#8221; w Czechach i Niemczech"},"content":{"rendered":"<p>Drodzy czytelnicy,<\/p>\n<p>&nbsp;<\/p>\n<table style=\"border-collapse: collapse; width: 100%;\">\n<tbody>\n<tr>\n<td style=\"width: 50%;\"><img loading=\"lazy\" decoding=\"async\" class=\"alignnone size-medium wp-image-4666\" src=\"https:\/\/riediger-legal.com\/wp-content\/uploads\/2023\/12\/Certified-DEZ23-DEZ24-RGB-176x300.png\" alt=\"GreatPlacetoWork RIEDIGER\" width=\"176\" height=\"300\" srcset=\"https:\/\/riediger-legal.com\/wp-content\/uploads\/2023\/12\/Certified-DEZ23-DEZ24-RGB-176x300.png 176w, https:\/\/riediger-legal.com\/wp-content\/uploads\/2023\/12\/Certified-DEZ23-DEZ24-RGB-602x1024.png 602w, https:\/\/riediger-legal.com\/wp-content\/uploads\/2023\/12\/Certified-DEZ23-DEZ24-RGB-768x1307.png 768w, https:\/\/riediger-legal.com\/wp-content\/uploads\/2023\/12\/Certified-DEZ23-DEZ24-RGB.png 801w\" sizes=\"auto, (max-width: 176px) 100vw, 176px\" \/><\/td>\n<td style=\"width: 50%;\">Z przyjemno\u015bci\u0105 informujemy, \u017ce RIEDIGER. legal | tax otrzyma\u0142 oficjalny certyfikat &#8222;Great Place to Work&#8221; zar\u00f3wno w Czechach, jak i w Niemczech! Ta nagroda jest dla nas nie tylko potwierdzeniem, ale tak\u017ce zobowi\u0105zaniem do dalszego tworzenia wyj\u0105tkowego \u015brodowiska pracy dla naszych pracownik\u00f3w.<\/p>\n<p>Certyfikat &#8222;Great Place to Work&#8221; jest wynikiem naszego zaanga\u017cowania w tworzenie doskona\u0142ych warunk\u00f3w pracy, zaanga\u017cowania pracownik\u00f3w i kultury korporacyjnej opartej na zaufaniu i wsp\u00f3\u0142pracy. Jeste\u015bmy dumni, \u017ce nasze wysi\u0142ki na rzecz stworzenia inspiruj\u0105cego \u015brodowiska pracy zosta\u0142y docenione zar\u00f3wno w Czechach, jak i w Niemczech.<\/td>\n<\/tr>\n<\/tbody>\n<\/table>\n<p><strong>Co sprawia, \u017ce RIEDIGER. legal | tax jest &#8222;wspania\u0142ym miejscem pracy&#8221;?<\/strong><\/p>\n<p>&nbsp;<\/p>\n<ul style=\"list-style-type: square;\">\n<li><strong>Sp\u00f3jno\u015b\u0107 zespo\u0142u:<\/strong> Praca zespo\u0142owa jest w centrum wszystkiego, co robimy. Cenimy r\u00f3\u017cnorodno\u015b\u0107 naszych zespo\u0142\u00f3w i promujemy kultur\u0119 wsp\u00f3\u0142pracy i szacunku.<\/li>\n<\/ul>\n<p>&nbsp;<\/p>\n<ul style=\"list-style-type: square;\">\n<li><strong>Mo\u017cliwo\u015bci rozwoju:<\/strong> Inwestujemy w rozw\u00f3j zawodowy naszych pracownik\u00f3w i wspieramy ich w pe\u0142nym wykorzystaniu ich potencja\u0142u.<\/li>\n<\/ul>\n<p>&nbsp;<\/p>\n<ul style=\"list-style-type: square;\">\n<li><strong>Zaufanie i przejrzysto\u015b\u0107:<\/strong> Otwarta komunikacja i zaufanie s\u0105 dla nas kluczowe. Wierzymy, \u017ce przejrzyste zarz\u0105dzanie jest podstaw\u0105 pozytywnego \u015brodowiska pracy.<\/li>\n<\/ul>\n<p>&nbsp;<\/p>\n<ul style=\"list-style-type: square;\">\n<li><strong>R\u00f3wnowaga mi\u0119dzy \u017cyciem zawodowym a prywatnym:<\/strong> Zdajemy sobie spraw\u0119 ze znaczenia r\u00f3wnowagi mi\u0119dzy \u017cyciem zawodowym a prywatnym i dok\u0142adamy wszelkich stara\u0144, aby nasi pracownicy odnosili sukcesy zar\u00f3wno zawodowe, jak i osobiste.<\/li>\n<\/ul>\n<p>Ta nagroda motywuje nas do dalszego promowania najlepszych praktyk w zarz\u0105dzaniu pracownikami i ci\u0105g\u0142ego doskonalenia naszej kultury korporacyjnej.<\/p>\n<p>&nbsp;<\/p>\n<p>Bardzo dzi\u0119kujemy naszemu fantastycznemu zespo\u0142owi, kt\u00f3ry ka\u017cdego dnia przyczynia si\u0119 do tego, \u017ce RIEDIGER. legal | tax jest wspania\u0142ym miejscem pracy! I tak: razem mo\u017cemy by\u0107 jeszcze lepsi!<\/p>\n<p>#Greatplacetowork<br \/>\n#Arbeitgeberauszeichnung<br \/>\n#Wearegreat<br \/>\n#Unternehmenskultur<br \/>\n#Greatmeansmore<\/p>\n<p>&nbsp;<\/p>\n","protected":false},"excerpt":{"rendered":"<p>Drodzy czytelnicy, &nbsp; Z przyjemno\u015bci\u0105 informujemy, \u017ce RIEDIGER. legal | tax otrzyma\u0142 oficjalny certyfikat &#8222;Great Place to Work&#8221; zar\u00f3wno w Czechach, jak i w Niemczech! Ta nagroda jest dla nas nie tylko potwierdzeniem, ale tak\u017ce zobowi\u0105zaniem do dalszego tworzenia wyj\u0105tkowego \u015brodowiska pracy dla naszych pracownik\u00f3w. Certyfikat &#8222;Great Place to Work&#8221; jest wynikiem naszego zaanga\u017cowania w [&hellip;]<\/p>\n","protected":false},"author":3,"featured_media":0,"comment_status":"open","ping_status":"open","sticky":false,"template":"","format":"standard","meta":{"_acf_changed":false,"footnotes":""},"categories":[41,40,43,42,44],"tags":[],"class_list":["post-4679","post","type-post","status-publish","format-standard","hentry","category-cz-pl","category-d-pl","category-legal-pl","category-pl-pl","category-tax-pl"],"acf":[],"yoast_head":"<!-- This site is optimized with the Yoast SEO Premium plugin v27.3 (Yoast SEO v27.3) - https:\/\/yoast.com\/product\/yoast-seo-premium-wordpress\/ -->\n<title>RIEDIGER. prawna | podatkowa: &quot;\u015awietne miejsce pracy&quot; w Czechach i Niemczech - RIEDIGER. legal | tax Rechtsanwaltsgesellschaft mbH<\/title>\n<meta name=\"description\" content=\"RIEDIGER. prawna | podatkowa: &quot;Great Place to Work&quot; w Czechach i Niemczech. Jeste\u015bmy dumni z tej nagrody i dzi\u0119kujemy naszemu zespo\u0142owi\" \/>\n<meta name=\"robots\" content=\"index, follow, max-snippet:-1, max-image-preview:large, max-video-preview:-1\" \/>\n<meta property=\"og:locale\" content=\"pl_PL\" \/>\n<meta property=\"og:type\" content=\"article\" \/>\n<meta property=\"og:title\" content=\"RIEDIGER. prawna | podatkowa: &quot;\u015awietne miejsce pracy&quot; w Czechach i Niemczech\" \/>\n<meta property=\"og:description\" content=\"RIEDIGER. prawna | podatkowa: &quot;Great Place to Work&quot; w Czechach i Niemczech. Jeste\u015bmy dumni z tej nagrody i dzi\u0119kujemy naszemu zespo\u0142owi\" \/>\n<meta property=\"og:url\" content=\"https:\/\/riediger-legal.com\/pl\/2023\/12\/29\/riediger-prawna-podatkowa-swietne-miejsce-pracy-w-czechach-i-niemczech\/\" \/>\n<meta property=\"og:site_name\" content=\"RIEDIGER. legal | tax Rechtsanwaltsgesellschaft mbH\" \/>\n<meta property=\"article:published_time\" content=\"2023-12-29T13:49:24+00:00\" \/>\n<meta property=\"og:image\" content=\"https:\/\/riediger-legal.com\/wp-content\/uploads\/2023\/12\/Certified-DEZ23-DEZ24-RGB-176x300.png\" \/>\n<meta name=\"author\" content=\"Miriam Huhmann\" \/>\n<meta name=\"twitter:card\" content=\"summary_large_image\" \/>\n<meta name=\"twitter:label1\" content=\"Napisane przez\" \/>\n\t<meta name=\"twitter:data1\" content=\"Miriam Huhmann\" \/>\n\t<meta name=\"twitter:label2\" content=\"Szacowany czas czytania\" \/>\n\t<meta name=\"twitter:data2\" content=\"1 minuta\" \/>\n<script type=\"application\/ld+json\" class=\"yoast-schema-graph\">{\"@context\":\"https:\\\/\\\/schema.org\",\"@graph\":[{\"@type\":\"Article\",\"@id\":\"https:\\\/\\\/riediger-legal.com\\\/pl\\\/2023\\\/12\\\/29\\\/riediger-prawna-podatkowa-swietne-miejsce-pracy-w-czechach-i-niemczech\\\/#article\",\"isPartOf\":{\"@id\":\"https:\\\/\\\/riediger-legal.com\\\/pl\\\/2023\\\/12\\\/29\\\/riediger-prawna-podatkowa-swietne-miejsce-pracy-w-czechach-i-niemczech\\\/\"},\"author\":{\"name\":\"Miriam Huhmann\",\"@id\":\"https:\\\/\\\/riediger-legal.com\\\/pl\\\/#\\\/schema\\\/person\\\/485ae3235dbce9b2691c61ab53ac05d8\"},\"headline\":\"RIEDIGER. prawna | podatkowa: &#8222;\u015awietne miejsce pracy&#8221; w Czechach i Niemczech\",\"datePublished\":\"2023-12-29T13:49:24+00:00\",\"mainEntityOfPage\":{\"@id\":\"https:\\\/\\\/riediger-legal.com\\\/pl\\\/2023\\\/12\\\/29\\\/riediger-prawna-podatkowa-swietne-miejsce-pracy-w-czechach-i-niemczech\\\/\"},\"wordCount\":297,\"commentCount\":0,\"publisher\":{\"@id\":\"https:\\\/\\\/riediger-legal.com\\\/pl\\\/#organization\"},\"image\":{\"@id\":\"https:\\\/\\\/riediger-legal.com\\\/pl\\\/2023\\\/12\\\/29\\\/riediger-prawna-podatkowa-swietne-miejsce-pracy-w-czechach-i-niemczech\\\/#primaryimage\"},\"thumbnailUrl\":\"https:\\\/\\\/riediger-legal.com\\\/wp-content\\\/uploads\\\/2023\\\/12\\\/Certified-DEZ23-DEZ24-RGB-176x300.png\",\"articleSection\":[\"CZ\",\"D\",\"legal\",\"PL\",\"tax\"],\"inLanguage\":\"pl-PL\",\"potentialAction\":[{\"@type\":\"CommentAction\",\"name\":\"Comment\",\"target\":[\"https:\\\/\\\/riediger-legal.com\\\/pl\\\/2023\\\/12\\\/29\\\/riediger-prawna-podatkowa-swietne-miejsce-pracy-w-czechach-i-niemczech\\\/#respond\"]}]},{\"@type\":\"WebPage\",\"@id\":\"https:\\\/\\\/riediger-legal.com\\\/pl\\\/2023\\\/12\\\/29\\\/riediger-prawna-podatkowa-swietne-miejsce-pracy-w-czechach-i-niemczech\\\/\",\"url\":\"https:\\\/\\\/riediger-legal.com\\\/pl\\\/2023\\\/12\\\/29\\\/riediger-prawna-podatkowa-swietne-miejsce-pracy-w-czechach-i-niemczech\\\/\",\"name\":\"RIEDIGER. prawna | podatkowa: \\\"\u015awietne miejsce pracy\\\" w Czechach i Niemczech - RIEDIGER. legal | tax Rechtsanwaltsgesellschaft mbH\",\"isPartOf\":{\"@id\":\"https:\\\/\\\/riediger-legal.com\\\/pl\\\/#website\"},\"primaryImageOfPage\":{\"@id\":\"https:\\\/\\\/riediger-legal.com\\\/pl\\\/2023\\\/12\\\/29\\\/riediger-prawna-podatkowa-swietne-miejsce-pracy-w-czechach-i-niemczech\\\/#primaryimage\"},\"image\":{\"@id\":\"https:\\\/\\\/riediger-legal.com\\\/pl\\\/2023\\\/12\\\/29\\\/riediger-prawna-podatkowa-swietne-miejsce-pracy-w-czechach-i-niemczech\\\/#primaryimage\"},\"thumbnailUrl\":\"https:\\\/\\\/riediger-legal.com\\\/wp-content\\\/uploads\\\/2023\\\/12\\\/Certified-DEZ23-DEZ24-RGB-176x300.png\",\"datePublished\":\"2023-12-29T13:49:24+00:00\",\"description\":\"RIEDIGER. prawna | podatkowa: \\\"Great Place to Work\\\" w Czechach i Niemczech. Jeste\u015bmy dumni z tej nagrody i dzi\u0119kujemy naszemu zespo\u0142owi\",\"breadcrumb\":{\"@id\":\"https:\\\/\\\/riediger-legal.com\\\/pl\\\/2023\\\/12\\\/29\\\/riediger-prawna-podatkowa-swietne-miejsce-pracy-w-czechach-i-niemczech\\\/#breadcrumb\"},\"inLanguage\":\"pl-PL\",\"potentialAction\":[{\"@type\":\"ReadAction\",\"target\":[\"https:\\\/\\\/riediger-legal.com\\\/pl\\\/2023\\\/12\\\/29\\\/riediger-prawna-podatkowa-swietne-miejsce-pracy-w-czechach-i-niemczech\\\/\"]}]},{\"@type\":\"ImageObject\",\"inLanguage\":\"pl-PL\",\"@id\":\"https:\\\/\\\/riediger-legal.com\\\/pl\\\/2023\\\/12\\\/29\\\/riediger-prawna-podatkowa-swietne-miejsce-pracy-w-czechach-i-niemczech\\\/#primaryimage\",\"url\":\"https:\\\/\\\/riediger-legal.com\\\/wp-content\\\/uploads\\\/2023\\\/12\\\/Certified-DEZ23-DEZ24-RGB-176x300.png\",\"contentUrl\":\"https:\\\/\\\/riediger-legal.com\\\/wp-content\\\/uploads\\\/2023\\\/12\\\/Certified-DEZ23-DEZ24-RGB-176x300.png\"},{\"@type\":\"BreadcrumbList\",\"@id\":\"https:\\\/\\\/riediger-legal.com\\\/pl\\\/2023\\\/12\\\/29\\\/riediger-prawna-podatkowa-swietne-miejsce-pracy-w-czechach-i-niemczech\\\/#breadcrumb\",\"itemListElement\":[{\"@type\":\"ListItem\",\"position\":1,\"name\":\"Startseite\",\"item\":\"https:\\\/\\\/riediger-legal.com\\\/pl\\\/\"},{\"@type\":\"ListItem\",\"position\":2,\"name\":\"RIEDIGER. prawna | podatkowa: &#8222;\u015awietne miejsce pracy&#8220; w Czechach i Niemczech\"}]},{\"@type\":\"WebSite\",\"@id\":\"https:\\\/\\\/riediger-legal.com\\\/pl\\\/#website\",\"url\":\"https:\\\/\\\/riediger-legal.com\\\/pl\\\/\",\"name\":\"RIEDIGER. legal | tax Rechtsanwaltsgesellschaft mbH\",\"description\":\"\",\"publisher\":{\"@id\":\"https:\\\/\\\/riediger-legal.com\\\/pl\\\/#organization\"},\"potentialAction\":[{\"@type\":\"SearchAction\",\"target\":{\"@type\":\"EntryPoint\",\"urlTemplate\":\"https:\\\/\\\/riediger-legal.com\\\/pl\\\/?s={search_term_string}\"},\"query-input\":{\"@type\":\"PropertyValueSpecification\",\"valueRequired\":true,\"valueName\":\"search_term_string\"}}],\"inLanguage\":\"pl-PL\"},{\"@type\":\"Organization\",\"@id\":\"https:\\\/\\\/riediger-legal.com\\\/pl\\\/#organization\",\"name\":\"RIEDIGER. legal | tax Rechtsanwaltsgesellschaft mbH\",\"url\":\"https:\\\/\\\/riediger-legal.com\\\/pl\\\/\",\"logo\":{\"@type\":\"ImageObject\",\"inLanguage\":\"pl-PL\",\"@id\":\"https:\\\/\\\/riediger-legal.com\\\/pl\\\/#\\\/schema\\\/logo\\\/image\\\/\",\"url\":\"https:\\\/\\\/riediger-legal.com\\\/wp-content\\\/uploads\\\/2024\\\/10\\\/Logo.png\",\"contentUrl\":\"https:\\\/\\\/riediger-legal.com\\\/wp-content\\\/uploads\\\/2024\\\/10\\\/Logo.png\",\"width\":592,\"height\":354,\"caption\":\"RIEDIGER. legal | tax Rechtsanwaltsgesellschaft mbH\"},\"image\":{\"@id\":\"https:\\\/\\\/riediger-legal.com\\\/pl\\\/#\\\/schema\\\/logo\\\/image\\\/\"},\"sameAs\":[\"https:\\\/\\\/www.linkedin.com\\\/analytics\\\/creator\\\/top-posts\\\/?metricType=IMPRESSIONS&resultType=DUMMY&timeRange=past_7_days&midToken=AQHCpc28UAVXmA&midSig=3_QkfydKYZ0Xo1&trk=eml-email_weekly_analytics_recap-email~weekly~analytics~recap-0-cta~top~performing~post&trkEmail=eml-email_weekly_analytics_recap-email~weekly~analytics~recap-0-cta~top~performing~post-null-au4m5u~lz8aaxki~jh-null-null&eid=au4m5u-lz8aaxki-jh&otpToken=MTQwMDFiZTIxNDJiY2NjY2IyMjQwNGVkNDQxY2U0Yjc4YWM2ZDY0MjlmYWY4ZjYxNmNjZTAzNjg0ODU4NWJmYmZmZDVkZjg5NmFiMGNhZmE2NGZjZDIxNTg5YTBmOTZhMWFiNTMwMWJlMDc2ODYxNTNmNTdiOCwxLDE\"]},{\"@type\":\"Person\",\"@id\":\"https:\\\/\\\/riediger-legal.com\\\/pl\\\/#\\\/schema\\\/person\\\/485ae3235dbce9b2691c61ab53ac05d8\",\"name\":\"Miriam Huhmann\",\"url\":\"https:\\\/\\\/riediger-legal.com\\\/pl\\\/author\\\/miriam-huhmann\\\/\"}]}<\/script>\n<!-- \/ Yoast SEO Premium plugin. -->","yoast_head_json":{"title":"RIEDIGER. prawna | podatkowa: \"\u015awietne miejsce pracy\" w Czechach i Niemczech - RIEDIGER. legal | tax Rechtsanwaltsgesellschaft mbH","description":"RIEDIGER. prawna | podatkowa: \"Great Place to Work\" w Czechach i Niemczech. Jeste\u015bmy dumni z tej nagrody i dzi\u0119kujemy naszemu zespo\u0142owi","robots":{"index":"index","follow":"follow","max-snippet":"max-snippet:-1","max-image-preview":"max-image-preview:large","max-video-preview":"max-video-preview:-1"},"og_locale":"pl_PL","og_type":"article","og_title":"RIEDIGER. prawna | podatkowa: \"\u015awietne miejsce pracy\" w Czechach i Niemczech","og_description":"RIEDIGER. prawna | podatkowa: \"Great Place to Work\" w Czechach i Niemczech. Jeste\u015bmy dumni z tej nagrody i dzi\u0119kujemy naszemu zespo\u0142owi","og_url":"https:\/\/riediger-legal.com\/pl\/2023\/12\/29\/riediger-prawna-podatkowa-swietne-miejsce-pracy-w-czechach-i-niemczech\/","og_site_name":"RIEDIGER. legal | tax Rechtsanwaltsgesellschaft mbH","article_published_time":"2023-12-29T13:49:24+00:00","og_image":[{"url":"https:\/\/riediger-legal.com\/wp-content\/uploads\/2023\/12\/Certified-DEZ23-DEZ24-RGB-176x300.png","type":"","width":"","height":""}],"author":"Miriam Huhmann","twitter_card":"summary_large_image","twitter_misc":{"Napisane przez":"Miriam Huhmann","Szacowany czas czytania":"1 minuta"},"schema":{"@context":"https:\/\/schema.org","@graph":[{"@type":"Article","@id":"https:\/\/riediger-legal.com\/pl\/2023\/12\/29\/riediger-prawna-podatkowa-swietne-miejsce-pracy-w-czechach-i-niemczech\/#article","isPartOf":{"@id":"https:\/\/riediger-legal.com\/pl\/2023\/12\/29\/riediger-prawna-podatkowa-swietne-miejsce-pracy-w-czechach-i-niemczech\/"},"author":{"name":"Miriam Huhmann","@id":"https:\/\/riediger-legal.com\/pl\/#\/schema\/person\/485ae3235dbce9b2691c61ab53ac05d8"},"headline":"RIEDIGER. prawna | podatkowa: &#8222;\u015awietne miejsce pracy&#8221; w Czechach i Niemczech","datePublished":"2023-12-29T13:49:24+00:00","mainEntityOfPage":{"@id":"https:\/\/riediger-legal.com\/pl\/2023\/12\/29\/riediger-prawna-podatkowa-swietne-miejsce-pracy-w-czechach-i-niemczech\/"},"wordCount":297,"commentCount":0,"publisher":{"@id":"https:\/\/riediger-legal.com\/pl\/#organization"},"image":{"@id":"https:\/\/riediger-legal.com\/pl\/2023\/12\/29\/riediger-prawna-podatkowa-swietne-miejsce-pracy-w-czechach-i-niemczech\/#primaryimage"},"thumbnailUrl":"https:\/\/riediger-legal.com\/wp-content\/uploads\/2023\/12\/Certified-DEZ23-DEZ24-RGB-176x300.png","articleSection":["CZ","D","legal","PL","tax"],"inLanguage":"pl-PL","potentialAction":[{"@type":"CommentAction","name":"Comment","target":["https:\/\/riediger-legal.com\/pl\/2023\/12\/29\/riediger-prawna-podatkowa-swietne-miejsce-pracy-w-czechach-i-niemczech\/#respond"]}]},{"@type":"WebPage","@id":"https:\/\/riediger-legal.com\/pl\/2023\/12\/29\/riediger-prawna-podatkowa-swietne-miejsce-pracy-w-czechach-i-niemczech\/","url":"https:\/\/riediger-legal.com\/pl\/2023\/12\/29\/riediger-prawna-podatkowa-swietne-miejsce-pracy-w-czechach-i-niemczech\/","name":"RIEDIGER. prawna | podatkowa: \"\u015awietne miejsce pracy\" w Czechach i Niemczech - RIEDIGER. legal | tax Rechtsanwaltsgesellschaft mbH","isPartOf":{"@id":"https:\/\/riediger-legal.com\/pl\/#website"},"primaryImageOfPage":{"@id":"https:\/\/riediger-legal.com\/pl\/2023\/12\/29\/riediger-prawna-podatkowa-swietne-miejsce-pracy-w-czechach-i-niemczech\/#primaryimage"},"image":{"@id":"https:\/\/riediger-legal.com\/pl\/2023\/12\/29\/riediger-prawna-podatkowa-swietne-miejsce-pracy-w-czechach-i-niemczech\/#primaryimage"},"thumbnailUrl":"https:\/\/riediger-legal.com\/wp-content\/uploads\/2023\/12\/Certified-DEZ23-DEZ24-RGB-176x300.png","datePublished":"2023-12-29T13:49:24+00:00","description":"RIEDIGER. prawna | podatkowa: \"Great Place to Work\" w Czechach i Niemczech. Jeste\u015bmy dumni z tej nagrody i dzi\u0119kujemy naszemu zespo\u0142owi","breadcrumb":{"@id":"https:\/\/riediger-legal.com\/pl\/2023\/12\/29\/riediger-prawna-podatkowa-swietne-miejsce-pracy-w-czechach-i-niemczech\/#breadcrumb"},"inLanguage":"pl-PL","potentialAction":[{"@type":"ReadAction","target":["https:\/\/riediger-legal.com\/pl\/2023\/12\/29\/riediger-prawna-podatkowa-swietne-miejsce-pracy-w-czechach-i-niemczech\/"]}]},{"@type":"ImageObject","inLanguage":"pl-PL","@id":"https:\/\/riediger-legal.com\/pl\/2023\/12\/29\/riediger-prawna-podatkowa-swietne-miejsce-pracy-w-czechach-i-niemczech\/#primaryimage","url":"https:\/\/riediger-legal.com\/wp-content\/uploads\/2023\/12\/Certified-DEZ23-DEZ24-RGB-176x300.png","contentUrl":"https:\/\/riediger-legal.com\/wp-content\/uploads\/2023\/12\/Certified-DEZ23-DEZ24-RGB-176x300.png"},{"@type":"BreadcrumbList","@id":"https:\/\/riediger-legal.com\/pl\/2023\/12\/29\/riediger-prawna-podatkowa-swietne-miejsce-pracy-w-czechach-i-niemczech\/#breadcrumb","itemListElement":[{"@type":"ListItem","position":1,"name":"Startseite","item":"https:\/\/riediger-legal.com\/pl\/"},{"@type":"ListItem","position":2,"name":"RIEDIGER. prawna | podatkowa: &#8222;\u015awietne miejsce pracy&#8220; w Czechach i Niemczech"}]},{"@type":"WebSite","@id":"https:\/\/riediger-legal.com\/pl\/#website","url":"https:\/\/riediger-legal.com\/pl\/","name":"RIEDIGER. legal | tax Rechtsanwaltsgesellschaft mbH","description":"","publisher":{"@id":"https:\/\/riediger-legal.com\/pl\/#organization"},"potentialAction":[{"@type":"SearchAction","target":{"@type":"EntryPoint","urlTemplate":"https:\/\/riediger-legal.com\/pl\/?s={search_term_string}"},"query-input":{"@type":"PropertyValueSpecification","valueRequired":true,"valueName":"search_term_string"}}],"inLanguage":"pl-PL"},{"@type":"Organization","@id":"https:\/\/riediger-legal.com\/pl\/#organization","name":"RIEDIGER. legal | tax Rechtsanwaltsgesellschaft mbH","url":"https:\/\/riediger-legal.com\/pl\/","logo":{"@type":"ImageObject","inLanguage":"pl-PL","@id":"https:\/\/riediger-legal.com\/pl\/#\/schema\/logo\/image\/","url":"https:\/\/riediger-legal.com\/wp-content\/uploads\/2024\/10\/Logo.png","contentUrl":"https:\/\/riediger-legal.com\/wp-content\/uploads\/2024\/10\/Logo.png","width":592,"height":354,"caption":"RIEDIGER. legal | tax Rechtsanwaltsgesellschaft mbH"},"image":{"@id":"https:\/\/riediger-legal.com\/pl\/#\/schema\/logo\/image\/"},"sameAs":["https:\/\/www.linkedin.com\/analytics\/creator\/top-posts\/?metricType=IMPRESSIONS&resultType=DUMMY&timeRange=past_7_days&midToken=AQHCpc28UAVXmA&midSig=3_QkfydKYZ0Xo1&trk=eml-email_weekly_analytics_recap-email~weekly~analytics~recap-0-cta~top~performing~post&trkEmail=eml-email_weekly_analytics_recap-email~weekly~analytics~recap-0-cta~top~performing~post-null-au4m5u~lz8aaxki~jh-null-null&eid=au4m5u-lz8aaxki-jh&otpToken=MTQwMDFiZTIxNDJiY2NjY2IyMjQwNGVkNDQxY2U0Yjc4YWM2ZDY0MjlmYWY4ZjYxNmNjZTAzNjg0ODU4NWJmYmZmZDVkZjg5NmFiMGNhZmE2NGZjZDIxNTg5YTBmOTZhMWFiNTMwMWJlMDc2ODYxNTNmNTdiOCwxLDE"]},{"@type":"Person","@id":"https:\/\/riediger-legal.com\/pl\/#\/schema\/person\/485ae3235dbce9b2691c61ab53ac05d8","name":"Miriam Huhmann","url":"https:\/\/riediger-legal.com\/pl\/author\/miriam-huhmann\/"}]}},"_links":{"self":[{"href":"https:\/\/riediger-legal.com\/pl\/wp-json\/wp\/v2\/posts\/4679","targetHints":{"allow":["GET"]}}],"collection":[{"href":"https:\/\/riediger-legal.com\/pl\/wp-json\/wp\/v2\/posts"}],"about":[{"href":"https:\/\/riediger-legal.com\/pl\/wp-json\/wp\/v2\/types\/post"}],"author":[{"embeddable":true,"href":"https:\/\/riediger-legal.com\/pl\/wp-json\/wp\/v2\/users\/3"}],"replies":[{"embeddable":true,"href":"https:\/\/riediger-legal.com\/pl\/wp-json\/wp\/v2\/comments?post=4679"}],"version-history":[{"count":0,"href":"https:\/\/riediger-legal.com\/pl\/wp-json\/wp\/v2\/posts\/4679\/revisions"}],"wp:attachment":[{"href":"https:\/\/riediger-legal.com\/pl\/wp-json\/wp\/v2\/media?parent=4679"}],"wp:term":[{"taxonomy":"category","embeddable":true,"href":"https:\/\/riediger-legal.com\/pl\/wp-json\/wp\/v2\/categories?post=4679"},{"taxonomy":"post_tag","embeddable":true,"href":"https:\/\/riediger-legal.com\/pl\/wp-json\/wp\/v2\/tags?post=4679"}],"curies":[{"name":"wp","href":"https:\/\/api.w.org\/{rel}","templated":true}]}}